{"id":447904,"date":"2016-12-08T16:59:05","date_gmt":"2016-12-08T22:59:05","guid":{"rendered":"https:\/\/www.futboltotal.com.mx\/?p=447904"},"modified":"2016-12-08T17:05:09","modified_gmt":"2016-12-08T23:05:09","slug":"marc-bartra-le-lanza-mensaje-oculto-a-luis-enrique","status":"publish","type":"post","link":"http:\/\/desarrollo.grupomedios.com\/futbol\/futbol-internacional\/marc-bartra-le-lanza-mensaje-oculto-a-luis-enrique\/2016\/12","title":{"rendered":"Marc Bartra mand\u00f3 un mensaje al Barcelona y Luis Enrique"},"content":{"rendered":"<p>El mi\u00e9rcoles pasado, el Borussia Dortmund obtuvo en el Santiago Bernab\u00e9u un 2-2 que le permiti\u00f3 acabar la fase de grupos de la Champions League como l\u00edder de su grupo, por delante del Real Madrid.<\/p>\n<p>Uno de los jugadores que contribuyeron a que el Dortmund saliera vivo del Bernab\u00e9u fue Marc Bartra, canterano del <strong>Barcelona<\/strong> que\u00a0est\u00e1 teniendo una gran temporada 2016-17, su primera fuera de Espa\u00f1a.<\/p>\n<p style=\"text-align: center;\"><a href=\"https:\/\/www.futboltotal.com.mx\/2016\/12\/barcelona-confirma-cuando-renovara-a-luis-suarez\/\" target=\"_blank\"><span style=\"color: #3366ff;\"><strong>LEER M\u00c1S: Barcelona confirma cu\u00e1ndo renovar\u00e1 a Luis Su\u00e1rez<\/strong><\/span><\/a><\/p>\n<p>Salvo por una lesi\u00f3n que lo apart\u00f3 un tiempo de las canchas, el defensa central surgido de las inferiores <em>Blaugranas<\/em>\u00a0ha sido parte indiscutible del once inicial de su equipo.<\/p>\n<p>Tras el partido ante el Real Madrid, Bartra habl\u00f3 sobre su experiencia en Alemania y la campa\u00f1a que est\u00e1 realizando. Una de sus declaraciones pareci\u00f3 ir destinada al ocupante del banquillo del <strong>Barcelona<\/strong>: Luis Enrique.<\/p>\n<p style=\"text-align: center;\"><a href=\"https:\/\/www.futboltotal.com.mx\/2016\/12\/en-vivo-real-madrid-vs-borussia-dortmund-champions-league\/\" target=\"_blank\"><span style=\"color: #3366ff;\"><strong>LEER M\u00c1S: As\u00ed se vivi\u00f3: Real Madrid 2-2 Borussia Dortmund<\/strong><\/span><\/a><\/p>\n<p>Al explicar su buen momento, el zaguero del Dortmund dijo: \u201cLa confianza que te da el entrenador es primordial para un jugador. Thomas [Tuchel] y los compa\u00f1eros me la est\u00e1n dando\u201d.<\/p>\n<p>En julio, cuando ya hab\u00eda salido del <strong>Barcelona<\/strong>, Marc cuestion\u00f3 que en el club <em>Blaugrana<\/em> le dec\u00edan quer\u00eda que siguiera: \u201cPero una cosa es estar y otra, sentirte valorado\u201d. Luego, el jugador fue m\u00e1s claro y complement\u00f3: \u201cFui de forma ascendente hasta que lleg\u00f3 Luis Enrique. Empec\u00e9 bien con \u00e9l pero luego dej\u00e9 de contar\u201d.<\/p>\n","protected":false},"excerpt":{"rendered":"<p>Bartra ha sido pieza clave en el Dortmund este a\u00f1o.<\/p>\n","protected":false},"author":20,"featured_media":447908,"comment_status":"closed","ping_status":"closed","sticky":false,"template":"","format":"standard","meta":[],"categories":[3839,6822,3844],"tags":[2086,5984,5232,6047,2920,253,76,6893],"_links":{"self":[{"href":"http:\/\/desarrollo.grupomedios.com\/futbol\/wp-json\/wp\/v2\/posts\/447904"}],"collection":[{"href":"http:\/\/desarrollo.grupomedios.com\/futbol\/wp-json\/wp\/v2\/posts"}],"about":[{"href":"http:\/\/desarrollo.grupomedios.com\/futbol\/wp-json\/wp\/v2\/types\/post"}],"author":[{"embeddable":true,"href":"http:\/\/desarrollo.grupomedios.com\/futbol\/wp-json\/wp\/v2\/users\/20"}],"replies":[{"embeddable":true,"href":"http:\/\/desarrollo.grupomedios.com\/futbol\/wp-json\/wp\/v2\/comments?post=447904"}],"version-history":[{"count":0,"href":"http:\/\/desarrollo.grupomedios.com\/futbol\/wp-json\/wp\/v2\/posts\/447904\/revisions"}],"wp:featuredmedia":[{"embeddable":true,"href":"http:\/\/desarrollo.grupomedios.com\/futbol\/wp-json\/wp\/v2\/media\/447908"}],"wp:attachment":[{"href":"http:\/\/desarrollo.grupomedios.com\/futbol\/wp-json\/wp\/v2\/media?parent=447904"}],"wp:term":[{"taxonomy":"category","embeddable":true,"href":"http:\/\/desarrollo.grupomedios.com\/futbol\/wp-json\/wp\/v2\/categories?post=447904"},{"taxonomy":"post_tag","embeddable":true,"href":"http:\/\/desarrollo.grupomedios.com\/futbol\/wp-json\/wp\/v2\/tags?post=447904"}],"curies":[{"name":"wp","href":"https:\/\/api.w.org\/{rel}","templated":true}]}}