{"id":447921,"date":"2016-12-08T18:19:35","date_gmt":"2016-12-09T00:19:35","guid":{"rendered":"https:\/\/www.futboltotal.com.mx\/?p=447921"},"modified":"2016-12-08T18:19:35","modified_gmt":"2016-12-09T00:19:35","slug":"reyna-decidira-donde-jugar-proxima-temporada","status":"publish","type":"post","link":"http:\/\/desarrollo.grupomedios.com\/futbol\/futbol-mexicano\/reyna-decidira-donde-jugar-proxima-temporada\/2016\/12","title":{"rendered":"\u00c1ngel Reyna decidir\u00e1 donde jugar la pr\u00f3xima temporada"},"content":{"rendered":"<p>El intento de que<strong> \u00c1ngel Reyna<\/strong> regrese a primera divisi\u00f3n sigue latente e increment\u00f3 cuando <strong>Carlos Reinoso<\/strong> y <strong>Fidel Kuri<\/strong> se reunieron con el futbolista del <strong>Celaya<\/strong>. <strong><span style=\"color: #000000;\"><a style=\"color: #000000;\" href=\"https:\/\/www.futboltotal.com.mx\/2016\/12\/equipos\/veracruz\/\" target=\"_blank\">Veracruz<\/a><\/span><\/strong> parece ser el equipo que m\u00e1s pretende al delantero mexicano.<\/p>\n<blockquote><p>\u201cDesayun\u00e9 con \u00e9l y despu\u00e9s estuvo <strong>Fidel<\/strong> con \u00e9l tambi\u00e9n. Yo creo que todo depende de <strong>\u00c1ngel<\/strong>. Tanto Fidel como yo lo queremos en el equipo, por lo que veremos que pasa\u201d<\/p><\/blockquote>\n<p><strong>Reinoso<\/strong> tambi\u00e9n desmiente que <strong>Reyna<\/strong> sea un hombre problem\u00e1tico e incluso le parece incre\u00edble cuando se dice que le gusta estar en pleitos.<\/p>\n<blockquote><p>\u201cYo no le veo ninguna complicaci\u00f3n. Yo lo veo como un chavo que conmigo debut\u00f3 a los 16 a\u00f1os y nunca que hemos estado en <strong>Le\u00f3n, San Luis y Am\u00e9rica<\/strong>, hemos tenido alg\u00fan problema. A mi me extra\u00f1a cuando hablan de que es problem\u00e1tico\u201d puntualiz\u00f3 el entrenador de los <em>Tiburones.\u00a0<\/em><\/p><\/blockquote>\n<p>Para finalizar el DT, agreg\u00f3 que est\u00e1 a la espera de cinco refuerzos m\u00e1s y que el pr\u00f3ximo viernes se enfrentaran con la mayor intensidad posible ante <strong>Tigres.\u00a0<\/strong><\/p>\n<p>https:\/\/twitter.com\/ClubTiburones\/status\/806950458640056320<\/p>\n<p><span style=\"color: #3366ff;\"><a style=\"color: #3366ff;\" href=\"https:\/\/twitter.com\/MXFutbolTotal\" target=\"_blank\">S\u00edguenos en Twitter: @MXFutbolTotal<\/a><\/span><\/p>\n","protected":false},"excerpt":{"rendered":"<p>El futbolista est\u00e1 cerca de regresar al m\u00e1ximo circuito. <\/p>\n","protected":false},"author":20,"featured_media":447926,"comment_status":"closed","ping_status":"closed","sticky":false,"template":"","format":"standard","meta":[],"categories":[2198,3845,5950],"tags":[1659,4538,2502,643,6049],"_links":{"self":[{"href":"http:\/\/desarrollo.grupomedios.com\/futbol\/wp-json\/wp\/v2\/posts\/447921"}],"collection":[{"href":"http:\/\/desarrollo.grupomedios.com\/futbol\/wp-json\/wp\/v2\/posts"}],"about":[{"href":"http:\/\/desarrollo.grupomedios.com\/futbol\/wp-json\/wp\/v2\/types\/post"}],"author":[{"embeddable":true,"href":"http:\/\/desarrollo.grupomedios.com\/futbol\/wp-json\/wp\/v2\/users\/20"}],"replies":[{"embeddable":true,"href":"http:\/\/desarrollo.grupomedios.com\/futbol\/wp-json\/wp\/v2\/comments?post=447921"}],"version-history":[{"count":0,"href":"http:\/\/desarrollo.grupomedios.com\/futbol\/wp-json\/wp\/v2\/posts\/447921\/revisions"}],"wp:featuredmedia":[{"embeddable":true,"href":"http:\/\/desarrollo.grupomedios.com\/futbol\/wp-json\/wp\/v2\/media\/447926"}],"wp:attachment":[{"href":"http:\/\/desarrollo.grupomedios.com\/futbol\/wp-json\/wp\/v2\/media?parent=447921"}],"wp:term":[{"taxonomy":"category","embeddable":true,"href":"http:\/\/desarrollo.grupomedios.com\/futbol\/wp-json\/wp\/v2\/categories?post=447921"},{"taxonomy":"post_tag","embeddable":true,"href":"http:\/\/desarrollo.grupomedios.com\/futbol\/wp-json\/wp\/v2\/tags?post=447921"}],"curies":[{"name":"wp","href":"https:\/\/api.w.org\/{rel}","templated":true}]}}