{"id":447950,"date":"2016-12-08T19:25:37","date_gmt":"2016-12-09T01:25:37","guid":{"rendered":"https:\/\/www.futboltotal.com.mx\/?p=447950"},"modified":"2016-12-08T19:25:37","modified_gmt":"2016-12-09T01:25:37","slug":"guido-pizarro-pide-arbitraje-justo-la-final","status":"publish","type":"post","link":"http:\/\/desarrollo.grupomedios.com\/futbol\/futbol-mexicano\/guido-pizarro-pide-arbitraje-justo-la-final\/2016\/12","title":{"rendered":"Guido Pizarro pide arbitraje justo para la Final"},"content":{"rendered":"<p>El mediocampista de <a href=\"http:\/\/www.futboltotal.com.mx\/equipos\/tigres\/\" target=\"_blank\">Tigres<\/a>, <strong>Guido Pizarro<\/strong>, espera que el arbitraje de la Final del Apertura 2016, no tenga errores que perjudiquen el marcador y\/o el malestar de los jugadores que participen en la serie, tal y como sucedi\u00f3 en el encuentro de 2014 que sostuvieron <em>\u00c1guilas<\/em> y <em>Felinos<\/em>.<\/p>\n<blockquote class=\"twitter-tweet\" data-width=\"500\">\n<p lang=\"es\" dir=\"ltr\">Nota: Guido Pizarro sabe que lo hecho por Tigres ser\u00e1 valorado m\u00e1s adelante <a href=\"https:\/\/t.co\/VxofSFjrTn\">https:\/\/t.co\/VxofSFjrTn<\/a> <a href=\"https:\/\/t.co\/luhUI9NxAU\">pic.twitter.com\/luhUI9NxAU<\/a><\/p>\n<p>&mdash; CLUB TIGRES OFICIAL (@TigresOficial) <a href=\"https:\/\/twitter.com\/TigresOficial\/status\/807020558256848897\">December 9, 2016<\/a><\/p><\/blockquote>\n<p><script async src=\"\/\/platform.twitter.com\/widgets.js\" charset=\"utf-8\"><\/script><\/p>\n<p>\u201cNosotros tenemos que tratar de armar el partido sin pensar en el arbitraje, tenemos que hacer un partido muy bueno, ser\u00e1 una Final muy dif\u00edcil, ellos tienen un gran equipo y ojal\u00e1 seamos justos ganadores y que la Final no se vea manchada por cuesti\u00f3n arbitral, que nosotros hagamos una gran Final, seamos dominadores en los dos partidos y no demos chance a problemas de ese tipo\u201d, indic\u00f3 <strong>Guido Pizarro<\/strong> en conferencia de prensa.<\/p>\n<blockquote class=\"twitter-tweet\" data-width=\"500\">\n<p lang=\"es\" dir=\"ltr\"><a href=\"https:\/\/twitter.com\/hashtag\/As%C3%ADLoDijo?src=hash\">#As\u00edLoDijo<\/a>&#8230; Guido Pizarro habl\u00f3 de las expectativas que quiere cumplir <a href=\"https:\/\/twitter.com\/TigresOficial\">@TigresOficial<\/a> al llegar a la Final. <a href=\"https:\/\/twitter.com\/hashtag\/TigresPorLaQuinta?src=hash\">#TigresPorLaQuinta<\/a> <a href=\"https:\/\/t.co\/ziGXoK53Uq\">pic.twitter.com\/ziGXoK53Uq<\/a><\/p>\n<p>&mdash; CLUB TIGRES OFICIAL (@TigresOficial) <a href=\"https:\/\/twitter.com\/TigresOficial\/status\/806992302581354498\">December 8, 2016<\/a><\/p><\/blockquote>\n<p><script async src=\"\/\/platform.twitter.com\/widgets.js\" charset=\"utf-8\"><\/script><\/p>\n<p>Adem\u00e1s, el volante de <strong>Tigres<\/strong> espera que el conjunto regiomontano se lleve la quinta estrella para dedic\u00e1rsela a su entrenador, Ricardo <em>el Tuca<\/em> Ferretti, por sus mil partidos dirigidos en la Primera Divisi\u00f3n, que se cumplir\u00e1n justamente, en la serie por el t\u00edtulo.<\/p>\n<p>\u201cLo que es \u2018Tuca\u2019 para el futbol mexicano ya ha quedado demostrado y tuvo el reconocimiento de todo el pa\u00eds cuando dirigi\u00f3 al Selecci\u00f3n, y tuvo reconocimiento a nivel nacional, y ojal\u00e1 que le dediquemos el t\u00edtulo a \u00e9l y a todos nosotros que venimos haciendo bien las cosas, pero s\u00ed ser\u00eda lindo y un detalle m\u00e1s regal\u00e1rselo a \u00e9l por cumplir mil partidos\u201d, concluy\u00f3.<\/p>\n<p><strong>S\u00edguenos en Twitter<\/strong>: <a href=\"https:\/\/twitter.com\/MXFutbolTotal\" target=\"_blank\">@MXFutbolTotal<\/a><\/p>\n","protected":false},"excerpt":{"rendered":"<p>El mediocampista Felino espera que el juego con Am\u00e9rica no se manche.<\/p>\n","protected":false},"author":20,"featured_media":447951,"comment_status":"closed","ping_status":"closed","sticky":false,"template":"","format":"standard","meta":[],"categories":[2198,3845,5950],"tags":[3991,5973],"_links":{"self":[{"href":"http:\/\/desarrollo.grupomedios.com\/futbol\/wp-json\/wp\/v2\/posts\/447950"}],"collection":[{"href":"http:\/\/desarrollo.grupomedios.com\/futbol\/wp-json\/wp\/v2\/posts"}],"about":[{"href":"http:\/\/desarrollo.grupomedios.com\/futbol\/wp-json\/wp\/v2\/types\/post"}],"author":[{"embeddable":true,"href":"http:\/\/desarrollo.grupomedios.com\/futbol\/wp-json\/wp\/v2\/users\/20"}],"replies":[{"embeddable":true,"href":"http:\/\/desarrollo.grupomedios.com\/futbol\/wp-json\/wp\/v2\/comments?post=447950"}],"version-history":[{"count":0,"href":"http:\/\/desarrollo.grupomedios.com\/futbol\/wp-json\/wp\/v2\/posts\/447950\/revisions"}],"wp:featuredmedia":[{"embeddable":true,"href":"http:\/\/desarrollo.grupomedios.com\/futbol\/wp-json\/wp\/v2\/media\/447951"}],"wp:attachment":[{"href":"http:\/\/desarrollo.grupomedios.com\/futbol\/wp-json\/wp\/v2\/media?parent=447950"}],"wp:term":[{"taxonomy":"category","embeddable":true,"href":"http:\/\/desarrollo.grupomedios.com\/futbol\/wp-json\/wp\/v2\/categories?post=447950"},{"taxonomy":"post_tag","embeddable":true,"href":"http:\/\/desarrollo.grupomedios.com\/futbol\/wp-json\/wp\/v2\/tags?post=447950"}],"curies":[{"name":"wp","href":"https:\/\/api.w.org\/{rel}","templated":true}]}}