{"id":447976,"date":"2016-12-09T09:15:54","date_gmt":"2016-12-09T15:15:54","guid":{"rendered":"https:\/\/www.futboltotal.com.mx\/?p=447976"},"modified":"2016-12-09T09:22:23","modified_gmt":"2016-12-09T15:22:23","slug":"cristiano-modric-benzema-la-convocatoria-del-madrid","status":"publish","type":"post","link":"http:\/\/desarrollo.grupomedios.com\/futbol\/futbol-internacional\/cristiano-modric-benzema-la-convocatoria-del-madrid\/2016\/12","title":{"rendered":"CR7, Modric y Benzema fuera de la convocatoria del Madrid"},"content":{"rendered":"<p>La lista de convocados del <strong>Real Madrid<\/strong> para enfrentarse al Deportivo de la Coru\u00f1a en su \u00faltimo partido liguero del 2016, sorprendi\u00f3 por los descartes de Zinedine Zidane de Cristiano Ronaldo, Luka Modric y Karim Benzema, que tendr\u00e1n descanso antes de afrontar el Mundial de Clubes en Jap\u00f3n.<\/p>\n<p>https:\/\/twitter.com\/realmadrid\/status\/807230826421321729<\/p>\n<p>Ning\u00fan integrante de la BBC madridista estar\u00e1 en el \u00faltimo partido de Liga del <strong>Real Madrid<\/strong> en 2016. A la baja por lesi\u00f3n del gal\u00e9s Gareth Bale se han sumado las ausencias por decisi\u00f3n t\u00e9cnica del portugu\u00e9s Cristiano Ronaldo y el franc\u00e9s Benzema, en una convocatoria en la que Zidane tambi\u00e9n concede descanso al croata Modric, al que se le vio con fatiga frente el Borussia Dortmund. El t\u00e9cnico franc\u00e9s descart\u00f3 al portugu\u00e9s Fabio Coentrao.<\/p>\n<p>Tras quedarse fuera en Liga de Campeones frente al Borussia Dortmund, regresan a la citaci\u00f3n Nacho Fern\u00e1ndez y el croata Mateo Kovacic.<\/p>\n<p style=\"text-align: center;\"><span style=\"color: #3366ff;\"><a style=\"color: #3366ff;\" href=\"https:\/\/www.futboltotal.com.mx\/2016\/12\/la-hazana-del-necaxa-en-mundial-clubes\/\">LEER M\u00c1S: La haza\u00f1a del Necaxa en el Mundial de Clubes<\/a><\/span><\/p>\n<p>La lista de convocados la integran: Keylor Navas, Kiko Casilla, Rub\u00e9n Y\u00e1\u00f1ez, Carvajal, Danilo, Pepe, Sergio Ramos, Varane, Nacho, Marcelo, Casemiro, Kroos, Kovacic, Isco, Marco Asensio, James, Lucas V\u00e1zquez, Morata y Mariano.<\/p>\n<p>Zidane no concentra a sus jugadores en la v\u00edspera del partido liguero y los 19 convocados est\u00e1n citados a las 11:30 horas del s\u00e1bado en el Santiago Bernab\u00e9u, para desde all\u00ed dirigirse en el autob\u00fas oficial del Real Madrid a la residencia de la ciudad deportiva. EFE<\/p>\n","protected":false},"excerpt":{"rendered":"<p>El t\u00e9cnico Zidane quiere darle descanso a sus jugadores.<\/p>\n","protected":false},"author":144,"featured_media":437898,"comment_status":"closed","ping_status":"closed","sticky":false,"template":"","format":"standard","meta":[],"categories":[3839,3844,5951],"tags":[1961,739,6013,6042,7779,3046,5988],"_links":{"self":[{"href":"http:\/\/desarrollo.grupomedios.com\/futbol\/wp-json\/wp\/v2\/posts\/447976"}],"collection":[{"href":"http:\/\/desarrollo.grupomedios.com\/futbol\/wp-json\/wp\/v2\/posts"}],"about":[{"href":"http:\/\/desarrollo.grupomedios.com\/futbol\/wp-json\/wp\/v2\/types\/post"}],"author":[{"embeddable":true,"href":"http:\/\/desarrollo.grupomedios.com\/futbol\/wp-json\/wp\/v2\/users\/144"}],"replies":[{"embeddable":true,"href":"http:\/\/desarrollo.grupomedios.com\/futbol\/wp-json\/wp\/v2\/comments?post=447976"}],"version-history":[{"count":0,"href":"http:\/\/desarrollo.grupomedios.com\/futbol\/wp-json\/wp\/v2\/posts\/447976\/revisions"}],"wp:featuredmedia":[{"embeddable":true,"href":"http:\/\/desarrollo.grupomedios.com\/futbol\/wp-json\/wp\/v2\/media\/437898"}],"wp:attachment":[{"href":"http:\/\/desarrollo.grupomedios.com\/futbol\/wp-json\/wp\/v2\/media?parent=447976"}],"wp:term":[{"taxonomy":"category","embeddable":true,"href":"http:\/\/desarrollo.grupomedios.com\/futbol\/wp-json\/wp\/v2\/categories?post=447976"},{"taxonomy":"post_tag","embeddable":true,"href":"http:\/\/desarrollo.grupomedios.com\/futbol\/wp-json\/wp\/v2\/tags?post=447976"}],"curies":[{"name":"wp","href":"https:\/\/api.w.org\/{rel}","templated":true}]}}