{"id":447979,"date":"2016-12-09T09:34:58","date_gmt":"2016-12-09T15:34:58","guid":{"rendered":"https:\/\/www.futboltotal.com.mx\/?p=447979"},"modified":"2016-12-09T09:34:58","modified_gmt":"2016-12-09T15:34:58","slug":"atletico-presento-nombre-nuevo-estadio-nuevo-escudo","status":"publish","type":"post","link":"http:\/\/desarrollo.grupomedios.com\/futbol\/futbol-internacional\/atletico-presento-nombre-nuevo-estadio-nuevo-escudo\/2016\/12","title":{"rendered":"El Atl\u00e9tico present\u00f3 nombre de su nuevo estadio y nuevo escudo"},"content":{"rendered":"<p>Luego de varios meses de espera, el <strong>Atl\u00e9tico de Madrid<\/strong> ha revelado por fin el nombre de su nuevo estadio, que se deriva de la alianza del club con un nuevo socio comercial.<\/p>\n<p>En un acto realizado este viernes en el estadio Vicente Calder\u00f3n (que ser\u00e1 demolido en 2018 y dejar\u00e1 espacio a la construcci\u00f3n de un conjunto urban\u00edstico), el club <em>Colchonero<\/em> dio a conocer el nombre de su nueva casa.<\/p>\n<blockquote class=\"twitter-tweet\" data-lang=\"es\">\n<p dir=\"ltr\" lang=\"es\">El Wanda Metropolitano ser\u00e1 nuestra nueva casa a partir de la pr\u00f3xima temporada <a href=\"https:\/\/twitter.com\/hashtag\/HistoriaYFuturo?src=hash\">#HistoriaYFuturo<\/a> <a href=\"https:\/\/t.co\/t49Sxmgusc\">pic.twitter.com\/t49Sxmgusc<\/a><\/p>\n<p>\u2014 Atl\u00e9tico de Madrid (@Atleti) <a href=\"https:\/\/twitter.com\/Atleti\/status\/807203217532719104\">9 de diciembre de 2016<\/a><\/p><\/blockquote>\n<p><script async src=\"\/\/platform.twitter.com\/widgets.js\" charset=\"utf-8\"><\/script><\/p>\n<p>Wanda Metropolitano ser\u00e1 el nombre del estadio donde el <strong>Atl\u00e9tico de Madrid<\/strong> jugar\u00e1 a partir de la siguiente temporada. El nombre surge del acuerdo con la compa\u00f1\u00eda Dalian Wanda, un poderoso conglomerado chino desarrollador de bienes ra\u00edces y due\u00f1o de una inmensa cadena de cines.<\/p>\n<blockquote class=\"twitter-tweet\" data-lang=\"es\">\n<p dir=\"ltr\" lang=\"es\">As\u00ed lucir\u00e1 la nueva casa de todos los atl\u00e9ticos <a href=\"https:\/\/twitter.com\/hashtag\/HistoriaYFuturo?src=hash\">#HistoriaYFuturo<\/a> <a href=\"https:\/\/t.co\/B3nuq9imTI\">pic.twitter.com\/B3nuq9imTI<\/a><\/p>\n<p>\u2014 Atl\u00e9tico de Madrid (@Atleti) <a href=\"https:\/\/twitter.com\/Atleti\/status\/807203541773324288\">9 de diciembre de 2016<\/a><\/p><\/blockquote>\n<p><script async src=\"\/\/platform.twitter.com\/widgets.js\" charset=\"utf-8\"><\/script><\/p>\n<p>El presidente del <em>Atleti<\/em>, Enrique Cerezo, asegur\u00f3: \u201cWanda es el mejor compa\u00f1ero de viaje para seguir trabajando por un futuro a\u00fan mejor\u201d.<\/p>\n<p style=\"text-align: center;\"><a href=\"https:\/\/www.futboltotal.com.mx\/2016\/12\/espanol-alvaro-dominguez-se-retira-del-futbol-lesion\/\" target=\"_blank\"><span style=\"color: #3366ff;\"><strong>LEER M\u00c1S: Ex jugador del Atl\u00e9tico de Madrid se retira a los 27 a\u00f1os<\/strong><\/span><\/a><\/p>\n<p>Adem\u00e1s, en el mismo acto realizado en el Vicente Calder\u00f3n, el cuadro <em>Rojiblanco<\/em> sorprendi\u00f3 al presentar su nuevo escudo.<\/p>\n<blockquote class=\"twitter-tweet\" data-lang=\"es\">\n<p dir=\"ltr\" lang=\"es\">El escudo evolucionar\u00e1 para la temporada 2017\/18. <a href=\"https:\/\/twitter.com\/hashtag\/HistoriaYFuturo?src=hash\">#HistoriaYFuturo<\/a> <a href=\"https:\/\/t.co\/p0LBeEhGl3\">pic.twitter.com\/p0LBeEhGl3<\/a><\/p>\n<p>\u2014 Atl\u00e9tico de Madrid (@Atleti) <a href=\"https:\/\/twitter.com\/Atleti\/status\/807207153148772353\">9 de diciembre de 2016<\/a><\/p><\/blockquote>\n<p><script async src=\"\/\/platform.twitter.com\/widgets.js\" charset=\"utf-8\"><\/script><\/p>\n<p>Aunque conserva los elementos tradicionales del emblema del <strong>Atl\u00e9tico de Madrid<\/strong>, ahora el oso aparece del lado contrario al que estaba en la versi\u00f3n anterior; tanto ese elemento como el madro\u00f1o -\u00e1rbol s\u00edmbolo de Madrid- son de color azul y no aparecen completos.<\/p>\n<p><span style=\"color: #3366ff;\"><strong>S\u00edguenos en Twitter: <a href=\"https:\/\/twitter.com\/MXFutbolTotal\" target=\"_blank\">@MXFutbolTotal<\/a><\/strong><\/span><\/p>\n","protected":false},"excerpt":{"rendered":"<p>Los Colchoneros se asociaron con un corporativo chino para nombrar a su nuevo estadio<\/p>\n","protected":false},"author":20,"featured_media":447986,"comment_status":"closed","ping_status":"closed","sticky":false,"template":"","format":"standard","meta":[],"categories":[3839,3844,5951],"tags":[5128,2047,6007,7661,253,76],"_links":{"self":[{"href":"http:\/\/desarrollo.grupomedios.com\/futbol\/wp-json\/wp\/v2\/posts\/447979"}],"collection":[{"href":"http:\/\/desarrollo.grupomedios.com\/futbol\/wp-json\/wp\/v2\/posts"}],"about":[{"href":"http:\/\/desarrollo.grupomedios.com\/futbol\/wp-json\/wp\/v2\/types\/post"}],"author":[{"embeddable":true,"href":"http:\/\/desarrollo.grupomedios.com\/futbol\/wp-json\/wp\/v2\/users\/20"}],"replies":[{"embeddable":true,"href":"http:\/\/desarrollo.grupomedios.com\/futbol\/wp-json\/wp\/v2\/comments?post=447979"}],"version-history":[{"count":0,"href":"http:\/\/desarrollo.grupomedios.com\/futbol\/wp-json\/wp\/v2\/posts\/447979\/revisions"}],"wp:featuredmedia":[{"embeddable":true,"href":"http:\/\/desarrollo.grupomedios.com\/futbol\/wp-json\/wp\/v2\/media\/447986"}],"wp:attachment":[{"href":"http:\/\/desarrollo.grupomedios.com\/futbol\/wp-json\/wp\/v2\/media?parent=447979"}],"wp:term":[{"taxonomy":"category","embeddable":true,"href":"http:\/\/desarrollo.grupomedios.com\/futbol\/wp-json\/wp\/v2\/categories?post=447979"},{"taxonomy":"post_tag","embeddable":true,"href":"http:\/\/desarrollo.grupomedios.com\/futbol\/wp-json\/wp\/v2\/tags?post=447979"}],"curies":[{"name":"wp","href":"https:\/\/api.w.org\/{rel}","templated":true}]}}