{"id":447983,"date":"2016-12-09T09:32:59","date_gmt":"2016-12-09T15:32:59","guid":{"rendered":"https:\/\/www.futboltotal.com.mx\/?p=447983"},"modified":"2016-12-09T09:32:59","modified_gmt":"2016-12-09T15:32:59","slug":"varane-denuncia-robo-en-casa-cuando-jugaba-contra-dortmund","status":"publish","type":"post","link":"http:\/\/desarrollo.grupomedios.com\/futbol\/futbol-internacional\/varane-denuncia-robo-en-casa-cuando-jugaba-contra-dortmund\/2016\/12","title":{"rendered":"Varane denuncia robo en su casa cuando jugaba contra el Dortmund"},"content":{"rendered":"<p>El jugador franc\u00e9s del Real Madrid <strong>Raphael Varane<\/strong> sufri\u00f3 un robo en su casa el pasado mi\u00e9rcoles, el d\u00eda del partido de la Liga de Campeones contra el Borussia de Dortmund en el estadio Santiago Bernab\u00e9u, segun confirmaron a EFE fuentes de la Jefatura Superior de Polic\u00eda de Madrid,<\/p>\n<p>El defensa franc\u00e9s denunci\u00f3 tras el encuentro un robo en su domicilio, situado en la urbanizaci\u00f3n El Encinar de los Reyes de Madrid. Los hechos ya est\u00e1n siendo investigados, seg\u00fan explicaron a EFE fuentes de la Jefatura Superior de Polic\u00eda.<\/p>\n<p style=\"text-align: center;\"><span style=\"color: #3366ff;\"><a style=\"color: #3366ff;\" href=\"https:\/\/www.futboltotal.com.mx\/2016\/12\/finales-la-liga-mx-en-dias-festivos\/\">LEER M\u00c1S: \u00bfFinales de la Liga MX en d\u00edas festivos?<\/a><\/span><\/p>\n<p>El diario <em>El Mundo<\/em> revel\u00f3 que &#8220;los ladrones se llevaron cerca de 70.000 euros en joyas, dinero, ropa y complementos de la casa situada en una zona de lujo pegada a La Moraleja, seg\u00fan los primeros c\u00e1lculos, aunque esa estimaci\u00f3n podr\u00eda cambiar debido a que el jugador dijo que quiz\u00e1 le faltaban m\u00e1s cosas&#8221;.<\/p>\n<p>&#8220;El futbolista\u00a0<strong>Raphael Varane<\/strong>\u00a0confes\u00f3 a la Polic\u00eda Nacional que se le olvid\u00f3 conectar el sofisticado sistema de alarma que dispone en la casa cuando sali\u00f3 de la misma&#8221;, agreg\u00f3 el diario. EFE<\/p>\n","protected":false},"excerpt":{"rendered":"<p>El franc\u00e9s se encontraba disputando el partido de Champions League.<\/p>\n","protected":false},"author":144,"featured_media":444119,"comment_status":"closed","ping_status":"closed","sticky":false,"template":"","format":"standard","meta":[],"categories":[5419,3839],"tags":[2674],"_links":{"self":[{"href":"http:\/\/desarrollo.grupomedios.com\/futbol\/wp-json\/wp\/v2\/posts\/447983"}],"collection":[{"href":"http:\/\/desarrollo.grupomedios.com\/futbol\/wp-json\/wp\/v2\/posts"}],"about":[{"href":"http:\/\/desarrollo.grupomedios.com\/futbol\/wp-json\/wp\/v2\/types\/post"}],"author":[{"embeddable":true,"href":"http:\/\/desarrollo.grupomedios.com\/futbol\/wp-json\/wp\/v2\/users\/144"}],"replies":[{"embeddable":true,"href":"http:\/\/desarrollo.grupomedios.com\/futbol\/wp-json\/wp\/v2\/comments?post=447983"}],"version-history":[{"count":0,"href":"http:\/\/desarrollo.grupomedios.com\/futbol\/wp-json\/wp\/v2\/posts\/447983\/revisions"}],"wp:featuredmedia":[{"embeddable":true,"href":"http:\/\/desarrollo.grupomedios.com\/futbol\/wp-json\/wp\/v2\/media\/444119"}],"wp:attachment":[{"href":"http:\/\/desarrollo.grupomedios.com\/futbol\/wp-json\/wp\/v2\/media?parent=447983"}],"wp:term":[{"taxonomy":"category","embeddable":true,"href":"http:\/\/desarrollo.grupomedios.com\/futbol\/wp-json\/wp\/v2\/categories?post=447983"},{"taxonomy":"post_tag","embeddable":true,"href":"http:\/\/desarrollo.grupomedios.com\/futbol\/wp-json\/wp\/v2\/tags?post=447983"}],"curies":[{"name":"wp","href":"https:\/\/api.w.org\/{rel}","templated":true}]}}