{"id":447985,"date":"2016-12-09T10:09:24","date_gmt":"2016-12-09T16:09:24","guid":{"rendered":"https:\/\/www.futboltotal.com.mx\/?p=447985"},"modified":"2016-12-09T10:09:24","modified_gmt":"2016-12-09T16:09:24","slug":"jorge-vergara-america-no-representa-mexico-en-japon-mundial-clubes-comer-sushi","status":"publish","type":"post","link":"http:\/\/desarrollo.grupomedios.com\/futbol\/destacado-home\/jorge-vergara-america-no-representa-mexico-en-japon-mundial-clubes-comer-sushi\/2016\/12","title":{"rendered":"Jorge Vergara: &#8220;Am\u00e9rica vuelve a Jap\u00f3n s\u00f3lo para comer sushi&#8221;"},"content":{"rendered":"<p>Conforme se acerca el debut del <a href=\"https:\/\/www.futboltotal.com.mx\/equipos\/america\">Am\u00e9rica<\/a> en el Mundial de Clubes 2016 a disputarse en Jap\u00f3n, las voces y opiniones en torno a lo que se viene para las \u00c1guilas empiezan a tomar fuerza, incluso viniendo de parte del odiado enemigo.<\/p>\n<p>Jorge Vergara, due\u00f1o de las <a href=\"https:\/\/www.futboltotal.com.mx\/equipos\/guadalajara\">Chivas<\/a> y quien no hab\u00eda dado declaraciones desde la eliminaci\u00f3n del <em>Reba\u00f1o<\/em> en los cuartos de final de la Liguilla del Apertura 2017, fue entrevistado por el diario R\u00e9cord y, fiel a su estilo, no tuvo reparos en &#8216;tirarle&#8217; a los <em>azulcremas<\/em> y su nueva aventura por tierras orientales, descartando que el cuadro\u00a0de Coapa represente a todo el futbol mexicano.<\/p>\n<p>&#8220;(El Am\u00e9rica) representa al <strong>Am\u00e9rica<\/strong>, no creo que represente a M\u00e9xico, porque no tiene puros jugadores mexicanos, as\u00ed que representa a su equipo, obviamente no es un equipo 100 por ciento mexicano, no podemos decir que representa a M\u00e9xico al 100 por ciento&#8221;, dijo el directivo.<\/p>\n<p>Vergara tambi\u00e9n ironiz\u00f3 acerca de las palabras del t\u00e9cnico Ricardo Antonio <strong>La Volpe<\/strong>, quien en d\u00edas pasados brome\u00f3 diciendo que el Am\u00e9rica le iba a dar &#8216;tiki tiki&#8217; al <strong>Real Madrid<\/strong>.<\/p>\n<p>&#8220;Ya veremos, dijo el ciego. Est\u00e1 dif\u00edcil, porque obviamente el <strong>Real Madrid<\/strong> es el favorito&#8221;; sin embargo, Vergara Madrigal tir\u00f3 un dardo haciendo referencia al fracaso de las <em>\u00c1guilas<\/em> en la edici\u00f3n pasada del Mundial de Clubes, cuando\u00a0en su momento dijo que s\u00f3lo fueron a Jap\u00f3n a comer sushi. &#8220;S\u00ed, que les vaya muy bien en su viaje, que disfruten mucho la comida japonesa&#8221;, mencion\u00f3.<\/p>\n<p>Finalmente, el due\u00f1o del <em>Reba\u00f1o<\/em> se deslind\u00f3 del tema de la demanda de <strong>Bel\u00e9n Coronado<\/strong>, pod\u00f3loga de <strong>Chivas<\/strong>, contra <strong>La Volpe<\/strong> por presunto acoso sexual y que hasta el momento las resoluciones indican que el argentino es inocente. &#8220;Yo no tengo nada qu\u00e9 decir, el que tiene que decir es el abogado de Bel\u00e9n, que declar\u00f3 ayer, quien es el que lleva el caso&#8221;, concluy\u00f3.<\/p>\n<p><a href=\"https:\/\/www.futboltotal.com.mx\/2016\/12\/futbol-estufa-rumbo-clausura-2017-liga-mx\/\">LEER M\u00c1S: F\u00daTBOL DE ESTUFA | RUMBO AL CLAUSURA 2017<\/a><\/p>\n","protected":false},"excerpt":{"rendered":"<p>El due\u00f1o de Chivas rompi\u00f3 el silencio tras la ca\u00edda del Reba\u00f1o ante las \u00c1guilas.<\/p>\n","protected":false},"author":20,"featured_media":433590,"comment_status":"closed","ping_status":"closed","sticky":false,"template":"","format":"standard","meta":[],"categories":[5,2198,3845],"tags":[1585,5959,70,5963,126,415,7435,387],"_links":{"self":[{"href":"http:\/\/desarrollo.grupomedios.com\/futbol\/wp-json\/wp\/v2\/posts\/447985"}],"collection":[{"href":"http:\/\/desarrollo.grupomedios.com\/futbol\/wp-json\/wp\/v2\/posts"}],"about":[{"href":"http:\/\/desarrollo.grupomedios.com\/futbol\/wp-json\/wp\/v2\/types\/post"}],"author":[{"embeddable":true,"href":"http:\/\/desarrollo.grupomedios.com\/futbol\/wp-json\/wp\/v2\/users\/20"}],"replies":[{"embeddable":true,"href":"http:\/\/desarrollo.grupomedios.com\/futbol\/wp-json\/wp\/v2\/comments?post=447985"}],"version-history":[{"count":0,"href":"http:\/\/desarrollo.grupomedios.com\/futbol\/wp-json\/wp\/v2\/posts\/447985\/revisions"}],"wp:featuredmedia":[{"embeddable":true,"href":"http:\/\/desarrollo.grupomedios.com\/futbol\/wp-json\/wp\/v2\/media\/433590"}],"wp:attachment":[{"href":"http:\/\/desarrollo.grupomedios.com\/futbol\/wp-json\/wp\/v2\/media?parent=447985"}],"wp:term":[{"taxonomy":"category","embeddable":true,"href":"http:\/\/desarrollo.grupomedios.com\/futbol\/wp-json\/wp\/v2\/categories?post=447985"},{"taxonomy":"post_tag","embeddable":true,"href":"http:\/\/desarrollo.grupomedios.com\/futbol\/wp-json\/wp\/v2\/tags?post=447985"}],"curies":[{"name":"wp","href":"https:\/\/api.w.org\/{rel}","templated":true}]}}