{"id":448000,"date":"2016-12-09T10:53:27","date_gmt":"2016-12-09T16:53:27","guid":{"rendered":"https:\/\/www.futboltotal.com.mx\/?p=448000"},"modified":"2016-12-09T11:10:05","modified_gmt":"2016-12-09T17:10:05","slug":"luis-enrique-se-harta-le-hablen-estilos-juego","status":"publish","type":"post","link":"http:\/\/desarrollo.grupomedios.com\/futbol\/futbol-internacional\/luis-enrique-se-harta-le-hablen-estilos-juego\/2016\/12","title":{"rendered":"Luis Enrique se harta que le hablen de estilos de juego"},"content":{"rendered":"<p><strong>Luis Enrique Mart\u00ednez<\/strong>, entrenador del Barcelona, se mostr\u00f3 hoy enojado cuando se le pregunt\u00f3 sobre la forma de jugar de su equipo esta temporada y dijo que est\u00e1 &#8220;cansado&#8221; de hablar de ese asunto.<\/p>\n<p>&#8220;Estoy cansado del estilo. Estilo cl\u00e1sico, moderno, casual&#8230; me da igual&#8221;, respondi\u00f3, visiblemente enfadado, el entrenador barcelonista.<\/p>\n<p><strong>Luis Enrique<\/strong> se\u00f1al\u00f3 que est\u00e1 harto de que se diga que su <em>Bar\u00e7a<\/em> practica un futbol m\u00e1s directo que en anteriores campa\u00f1as y se neg\u00f3 a alimentar el debate antes de dirigir el entrenamiento de esta tarde.<\/p>\n<p style=\"text-align: center;\"><a href=\"https:\/\/www.futboltotal.com.mx\/2016\/12\/varane-denuncia-robo-en-casa-cuando-jugaba-contra-dortmund\/\"><span style=\"color: #3366ff;\">LEER M\u00c1S: Varane denuncia robo en su casa cuando jugaba contra el Dortmund<\/span><\/a><\/p>\n<p>&#8220;Ya he defendido, por activa y por pasiva, la idea de futbol que queremos, que no es otro que la del <em>Bar\u00e7a<\/em>, porque yo me he criado aqu\u00ed como entrenador. Digan lo que quieran&#8221;, apostill\u00f3.<\/p>\n<p><strong>Luis Enrique<\/strong> dirigir\u00e1 esta tarde el \u00faltimo entrenamiento de su equipo antes del partido de ma\u00f1ana, en El Sadar, ante Osasuna, el colista de la Liga.<\/p>\n<p>&#8220;\u00bfQue Osasuna est\u00e1 necesitado? La necesidad puede ser muy motivante, pero da la causalidad de que nosotros tambi\u00e9n, porque estamos a seis puntos del l\u00edder. Para nosotros no es un partido cualquiera. Los puntos tienen importancia cada semana, pero en \u00e9sta la importancia que tienen es m\u00e1xima&#8221;, subray\u00f3.<\/p>\n<p>Pese a la distancia de 6 puntos que le separa del Real Madrid, <strong>Luis Enrique<\/strong> apunt\u00f3 que a\u00fan &#8220;hay margen de sobra, porque quedan muchas jornadas&#8221;, aunque tambi\u00e9n dej\u00f3 claro que la \u00fanica manera de recuperar el terreno perdido es &#8220;metiendo presi\u00f3n, que se consigue ganando los partidos&#8221;.<\/p>\n<p>Adem\u00e1s, cree que, pese a visitar el campo del colista, el choque no ser\u00e1 f\u00e1cil para su equipo: &#8220;Fuera de casa, cada partido presenta siempre complicaciones a\u00f1adidas&#8221;.<\/p>\n<p><strong>Luis Enrique<\/strong> dio la receta para superar esas complicaciones: &#8220;Tener un buen ritmo desde el minuto uno y ser efectivos en la circulaci\u00f3n del bal\u00f3n y en las llegadas al a\u00e9rea&#8221;.<\/p>\n<p>El t\u00e9cnico del Barcelona no quiso confirmar si Arda Turan -autor de un triplete ante el Borussia M\u00f6nchengladbach- ser\u00e1 el sustituto del sancionado Neymar ante el Osasuna, pero s\u00ed valor\u00f3 la posible renovaci\u00f3n de Leo Messi.<\/p>\n<p style=\"text-align: center;\"><a href=\"https:\/\/www.futboltotal.com.mx\/2016\/12\/los-reyes-del-mundial-clubes\/\"><span style=\"color: #3366ff;\">LEER M\u00c1S: Los Reyes del Mundial de Clubes<\/span><\/a><\/p>\n<p>&#8220;El d\u00eda que se anuncie, si se anuncia, ser\u00e1 un d\u00eda para celebrarlo todos juntos&#8221;, coment\u00f3 sobre la posible continuidad del astro argentino, antes de contestar con un simple &#8220;no&#8221; a la pregunta de si podr\u00eda asegurar que Messi renovar\u00e1.<\/p>\n<p>Tampoco quiso hablar de un presunto trato desigual, por parte de la Fiscal\u00eda y la Hacienda P\u00fablica, a la situaci\u00f3n fiscal de Leo Messi y Cristiano Ronaldo.<\/p>\n<p>&#8220;No tengo argumentos para poder valorar si hay diferencia o no en el trato a ambos. No tengo argumentos para definirme&#8221;, concluy\u00f3.<\/p>\n<p><b>S\u00edguenos en <span id=\"m_513326345821453177goog_2054972132\"><\/span>Twitter <a href=\"https:\/\/twitter.com\/MXFutbolTotal\" target=\"_blank\" data-saferedirecturl=\"https:\/\/www.google.com\/url?hl=es&amp;q=https:\/\/twitter.com\/MXFutbolTotal&amp;source=gmail&amp;ust=1481381253474000&amp;usg=AFQjCNHTAXh5cxWTcHoMRGjqUmCh-NoC2A\">@MXFutbolTotal<\/a><\/b><\/p>\n<p>&nbsp;<\/p>\n","protected":false},"excerpt":{"rendered":"<p>El t\u00e9cnico considera que a\u00fan tiene margen para disputar el t\u00edtulo.<\/p>\n","protected":false},"author":144,"featured_media":448004,"comment_status":"closed","ping_status":"closed","sticky":false,"template":"","format":"standard","meta":[],"categories":[3839,3844,5951],"tags":[5984,76,4051,218,5988],"_links":{"self":[{"href":"http:\/\/desarrollo.grupomedios.com\/futbol\/wp-json\/wp\/v2\/posts\/448000"}],"collection":[{"href":"http:\/\/desarrollo.grupomedios.com\/futbol\/wp-json\/wp\/v2\/posts"}],"about":[{"href":"http:\/\/desarrollo.grupomedios.com\/futbol\/wp-json\/wp\/v2\/types\/post"}],"author":[{"embeddable":true,"href":"http:\/\/desarrollo.grupomedios.com\/futbol\/wp-json\/wp\/v2\/users\/144"}],"replies":[{"embeddable":true,"href":"http:\/\/desarrollo.grupomedios.com\/futbol\/wp-json\/wp\/v2\/comments?post=448000"}],"version-history":[{"count":0,"href":"http:\/\/desarrollo.grupomedios.com\/futbol\/wp-json\/wp\/v2\/posts\/448000\/revisions"}],"wp:featuredmedia":[{"embeddable":true,"href":"http:\/\/desarrollo.grupomedios.com\/futbol\/wp-json\/wp\/v2\/media\/448004"}],"wp:attachment":[{"href":"http:\/\/desarrollo.grupomedios.com\/futbol\/wp-json\/wp\/v2\/media?parent=448000"}],"wp:term":[{"taxonomy":"category","embeddable":true,"href":"http:\/\/desarrollo.grupomedios.com\/futbol\/wp-json\/wp\/v2\/categories?post=448000"},{"taxonomy":"post_tag","embeddable":true,"href":"http:\/\/desarrollo.grupomedios.com\/futbol\/wp-json\/wp\/v2\/tags?post=448000"}],"curies":[{"name":"wp","href":"https:\/\/api.w.org\/{rel}","templated":true}]}}