{"id":448016,"date":"2016-12-09T11:59:39","date_gmt":"2016-12-09T17:59:39","guid":{"rendered":"https:\/\/www.futboltotal.com.mx\/?p=448016"},"modified":"2016-12-09T20:37:39","modified_gmt":"2016-12-10T02:37:39","slug":"alarma-titular-duda-debut-america-en-japon","status":"publish","type":"post","link":"http:\/\/desarrollo.grupomedios.com\/futbol\/destacado-home\/alarma-titular-duda-debut-america-en-japon\/2016\/12","title":{"rendered":"\u00a1Alerta! Un titular es duda para debut de Am\u00e9rica en Jap\u00f3n"},"content":{"rendered":"<p>Malas noticias para el <a href=\"https:\/\/www.futboltotal.com.mx\/equipos\/america\">Am\u00e9rica<\/a> de cara a su debut en el <strong>Mundial de Clubes 2016<\/strong> en Jap\u00f3n, luego de que el volante ecuatoriano <strong>Renato Ibarra<\/strong> no pudiera entrenar al parejo de sus compa\u00f1eros debido a problemas musculares, motivo por el que se perder\u00eda el primer partido del evento.<\/p>\n<p>Ibarra fue marginado de la pr\u00e1ctica matutina de las <em>\u00c1guilas<\/em> este viernes en el estadio de Nagai en la ciudad de Osaka y realiz\u00f3 trabajo diferenciado junto con el argentino <strong>Rubens Sambueza<\/strong>, quien s\u00ed <a href=\"https:\/\/www.futboltotal.com.mx\/2016\/12\/rubens-sambueza-descartado-debut-en-mundial-clubes\/\" target=\"_blank\">est\u00e1 totalmente descartado<\/a> para ver acci\u00f3n ante el\u00a0<strong>Jeonbuk Hyundai<\/strong> surcoreano la tarde del domingo (madrugada del domingo, 1:00 hrs. tiempo de M\u00e9xico).<\/p>\n<p>[video_player]https:\/\/player.vimeo.com\/external\/195062978.sd.mp4?s=87609faecee19cbf746a0cad4c0264f2223cadf5&amp;profile_id=165[\/video_player]<\/p>\n<p style=\"text-align: center;\"><a href=\"https:\/\/twitter.com\/PressPortmx\" target=\"_blank\">Video cortes\u00eda de Pressport<\/a><\/p>\n<p style=\"text-align: center;\"><span style=\"color: #3366ff;\"><strong><a style=\"color: #3366ff;\" href=\"https:\/\/www.futboltotal.com.mx\/2016\/12\/jorge-vergara-america-no-representa-mexico-en-japon-mundial-clubes-comer-sushi\/\">LEER M\u00c1S: &#8220;AM\u00c9RICA VUELVE A JAP\u00d3N S\u00d3LO PARA COMER SUSHI&#8221;<\/a><\/strong><\/span><\/p>\n<p>Las alternativas para suplir a <strong>Ibarra<\/strong>, quien se ha ganado un puesto en el equipo titular de <strong>La Volpe<\/strong>, apuntan inicialmente a su compatriota <strong>Michael Arroyo<\/strong> buscando mantener la velocidad que brinda Renato aunque se perder\u00eda su sacrificio en defensa.<\/p>\n<p>Otra opci\u00f3n es la del paraguayo <strong>Osvaldo Mart\u00ednez<\/strong>, quien tiene otro tipo de perfil de mediocampista, sin la velocidad y explosividad del lesionado, posiblemente obligando a incluso realizar cambios en el esquema t\u00e1ctico del <em>Bigot\u00f3n<\/em>.<\/p>\n<p style=\"text-align: center;\"><span style=\"color: #3366ff;\"><strong><a style=\"color: #3366ff;\" href=\"https:\/\/www.futboltotal.com.mx\/2016\/12\/christelle-patterson-inspiracion-azulcrema-mundial\/\">VER M\u00c1S: CHRISTELLE PATTERSON, INSPIRACI\u00d3N AZULCREMA PARA EL MUNDIAL<\/a><\/strong><\/span><\/p>\n","protected":false},"excerpt":{"rendered":"<p>El cuadro inicial de La Volpe se modificar\u00eda si se confirma esta ausencia.<\/p>\n","protected":false},"author":20,"featured_media":448018,"comment_status":"closed","ping_status":"closed","sticky":false,"template":"","format":"standard","meta":[],"categories":[5,2198],"tags":[1585,5959,415,7435,7468],"_links":{"self":[{"href":"http:\/\/desarrollo.grupomedios.com\/futbol\/wp-json\/wp\/v2\/posts\/448016"}],"collection":[{"href":"http:\/\/desarrollo.grupomedios.com\/futbol\/wp-json\/wp\/v2\/posts"}],"about":[{"href":"http:\/\/desarrollo.grupomedios.com\/futbol\/wp-json\/wp\/v2\/types\/post"}],"author":[{"embeddable":true,"href":"http:\/\/desarrollo.grupomedios.com\/futbol\/wp-json\/wp\/v2\/users\/20"}],"replies":[{"embeddable":true,"href":"http:\/\/desarrollo.grupomedios.com\/futbol\/wp-json\/wp\/v2\/comments?post=448016"}],"version-history":[{"count":0,"href":"http:\/\/desarrollo.grupomedios.com\/futbol\/wp-json\/wp\/v2\/posts\/448016\/revisions"}],"wp:featuredmedia":[{"embeddable":true,"href":"http:\/\/desarrollo.grupomedios.com\/futbol\/wp-json\/wp\/v2\/media\/448018"}],"wp:attachment":[{"href":"http:\/\/desarrollo.grupomedios.com\/futbol\/wp-json\/wp\/v2\/media?parent=448016"}],"wp:term":[{"taxonomy":"category","embeddable":true,"href":"http:\/\/desarrollo.grupomedios.com\/futbol\/wp-json\/wp\/v2\/categories?post=448016"},{"taxonomy":"post_tag","embeddable":true,"href":"http:\/\/desarrollo.grupomedios.com\/futbol\/wp-json\/wp\/v2\/tags?post=448016"}],"curies":[{"name":"wp","href":"https:\/\/api.w.org\/{rel}","templated":true}]}}