{"id":448039,"date":"2016-12-09T14:25:12","date_gmt":"2016-12-09T20:25:12","guid":{"rendered":"https:\/\/www.futboltotal.com.mx\/?p=448039"},"modified":"2016-12-09T14:25:12","modified_gmt":"2016-12-09T20:25:12","slug":"guillermo-ochoa-futbol-mexicano-nos-cierra-puertas-emigrar","status":"publish","type":"post","link":"http:\/\/desarrollo.grupomedios.com\/futbol\/futbol-internacional\/guillermo-ochoa-futbol-mexicano-nos-cierra-puertas-emigrar\/2016\/12","title":{"rendered":"Ochoa &#8220;El f\u00fatbol mexicano nos cierra las puertas para emigrar&#8221;"},"content":{"rendered":"<p>Una entrevista otorgada por el arquero mexicano <strong>Guillermo Ochoa<\/strong> en Espa\u00f1a sigue dando de qu\u00e9 hablar, m\u00e1s porque toc\u00f3 puntos \u00e1lgidos como la realidad del balompi\u00e9 azteca y el entorno que se vive respecto a que m\u00e1s jugadores de este pa\u00eds emigren al futbol europeo.<\/p>\n<p>&#8220;S\u00ed, al final el futbolista mexicano tiene que salir de esa zona de confort, salir de esa zona donde en la actualidad el propio futbol mexicano cierra las puertas al futbolista mexicano que tiene pocas opciones de salir al extranjero, no es como en<strong> Europa<\/strong> que es mucho m\u00e1s f\u00e1cil moverse al no ocupar plaza de extracomunitario&#8221;, asegur\u00f3 el jugador del Granada.<\/p>\n<p>Ochoa espera que, en un futuro, los mexicanos que juegan en el Viejo Continente sean muchos m\u00e1s que en la actualidad, pues cuentan con la calidad necesaria y esa explosi\u00f3n de &#8216;legionarios&#8217; potenciar\u00eda el crecimiento del balompi\u00e9 local.<\/p>\n<p>&#8220;El futbolista mexicano<strong>\u00a0<\/strong>llega un punto en que\u00a0est\u00e1 como &#8216;tapado&#8217;, sin opciones, es algo que deber\u00edan tomar en cuenta. Sin duda, muchos de ellos podr\u00edan estar en Europa y por el mundo tambi\u00e9n en Sudam\u00e9rica.<\/p>\n<p>&#8220;Tiene que llegar un punto donde no se sepas ni cuantos mexicanos hay fuera, que pierdas la cuenta, eso va a hacer que el futbol mexicano crezca mucho m\u00e1s&#8221;, a\u00f1adi\u00f3 Memo.<\/p>\n<p><a href=\"https:\/\/www.futboltotal.com.mx\/2016\/12\/joe-cole-alexis-sanchez-solo-esta-detras-de-messi-y-cr7\/\">LEER M\u00c1S: JOE COLE: ALEXIS S\u00c1NCHEZ S\u00d3LO EST\u00c1 DETR\u00c1S DE MESSI Y CR7<\/a><\/p>\n","protected":false},"excerpt":{"rendered":"<p>El guardameta azteca del Granada dio unas pol\u00e9micas declaraciones.<\/p>\n","protected":false},"author":20,"featured_media":413289,"comment_status":"closed","ping_status":"closed","sticky":false,"template":"","format":"standard","meta":[],"categories":[3839,3844,5951],"tags":[700,5991,679,2027],"_links":{"self":[{"href":"http:\/\/desarrollo.grupomedios.com\/futbol\/wp-json\/wp\/v2\/posts\/448039"}],"collection":[{"href":"http:\/\/desarrollo.grupomedios.com\/futbol\/wp-json\/wp\/v2\/posts"}],"about":[{"href":"http:\/\/desarrollo.grupomedios.com\/futbol\/wp-json\/wp\/v2\/types\/post"}],"author":[{"embeddable":true,"href":"http:\/\/desarrollo.grupomedios.com\/futbol\/wp-json\/wp\/v2\/users\/20"}],"replies":[{"embeddable":true,"href":"http:\/\/desarrollo.grupomedios.com\/futbol\/wp-json\/wp\/v2\/comments?post=448039"}],"version-history":[{"count":0,"href":"http:\/\/desarrollo.grupomedios.com\/futbol\/wp-json\/wp\/v2\/posts\/448039\/revisions"}],"wp:featuredmedia":[{"embeddable":true,"href":"http:\/\/desarrollo.grupomedios.com\/futbol\/wp-json\/wp\/v2\/media\/413289"}],"wp:attachment":[{"href":"http:\/\/desarrollo.grupomedios.com\/futbol\/wp-json\/wp\/v2\/media?parent=448039"}],"wp:term":[{"taxonomy":"category","embeddable":true,"href":"http:\/\/desarrollo.grupomedios.com\/futbol\/wp-json\/wp\/v2\/categories?post=448039"},{"taxonomy":"post_tag","embeddable":true,"href":"http:\/\/desarrollo.grupomedios.com\/futbol\/wp-json\/wp\/v2\/tags?post=448039"}],"curies":[{"name":"wp","href":"https:\/\/api.w.org\/{rel}","templated":true}]}}