{"id":448116,"date":"2016-12-09T17:00:11","date_gmt":"2016-12-09T23:00:11","guid":{"rendered":"https:\/\/www.futboltotal.com.mx\/?p=448116"},"modified":"2016-12-09T17:00:11","modified_gmt":"2016-12-09T23:00:11","slug":"zidane-habla-la-continuidad-james-rodriguez-en-madrid","status":"publish","type":"post","link":"http:\/\/desarrollo.grupomedios.com\/futbol\/futbol-internacional\/zidane-habla-la-continuidad-james-rodriguez-en-madrid\/2016\/12","title":{"rendered":"Zidane habla sobre la continuidad de James en el Madrid"},"content":{"rendered":"<p>El entrenador del Real Madrid, el franc\u00e9s Zinedine Zidane, insisti\u00f3 hoy en que no quiere que el colombiano<strong> James Rodr\u00edguez<\/strong> salga del club blanco.<\/p>\n<p>&#8220;<strong>James<\/strong> no va a salir de aqu\u00ed, seguro. Bueno, yo no quiero que salga. Eso est\u00e1 claro&#8221;, dijo con rotundidad Zidane al ser preguntado por la situaci\u00f3n del jugador colombiano.<\/p>\n<p style=\"text-align: center;\"><span style=\"color: #3366ff;\"><a style=\"color: #3366ff;\" href=\"https:\/\/www.futboltotal.com.mx\/2016\/12\/tigres-se-prepara-la-final-triunfo-ante-tiburon\/\">LEER M\u00c1S: Tigres se prepara para la Final con triunfo ante el Tibur\u00f3n<\/a><\/span><\/p>\n<p>La inclusi\u00f3n de James en el equipo titular de Zidane en el partido de Liga de Campeones ante el Borussia Dortmund fue la gran sorpresa del \u00faltimo encuentro del Real Madrid y el jugador respondi\u00f3 con una buena actuaci\u00f3n y un pase de gol. Lo reconoci\u00f3 el p\u00fablico del Santiago Bernab\u00e9u ovacionando su esfuerzo.<\/p>\n<p>Las rotaciones por las que apuesta Zidane para el \u00faltimo partido liguero de 2016 para el Real Madrid, ante el Deportivo de La Coru\u00f1a, dan m\u00e1s opciones a <strong>James<\/strong> de repetir en el once.<\/p>\n<p>&#8220;Para el partido vamos a tener que esperar a ma\u00f1ana&#8221;, asegur\u00f3 el t\u00e9cnico, que no quiso desvelar sus cartas pero dej\u00f3 claro que cuenta con James. EFE<\/p>\n","protected":false},"excerpt":{"rendered":"<p>Zidane quiere que el colombiano se quede con los Merengues.<\/p>\n","protected":false},"author":144,"featured_media":433412,"comment_status":"closed","ping_status":"closed","sticky":false,"template":"","format":"standard","meta":[],"categories":[3839,5951],"tags":[6082,5988,2215],"_links":{"self":[{"href":"http:\/\/desarrollo.grupomedios.com\/futbol\/wp-json\/wp\/v2\/posts\/448116"}],"collection":[{"href":"http:\/\/desarrollo.grupomedios.com\/futbol\/wp-json\/wp\/v2\/posts"}],"about":[{"href":"http:\/\/desarrollo.grupomedios.com\/futbol\/wp-json\/wp\/v2\/types\/post"}],"author":[{"embeddable":true,"href":"http:\/\/desarrollo.grupomedios.com\/futbol\/wp-json\/wp\/v2\/users\/144"}],"replies":[{"embeddable":true,"href":"http:\/\/desarrollo.grupomedios.com\/futbol\/wp-json\/wp\/v2\/comments?post=448116"}],"version-history":[{"count":0,"href":"http:\/\/desarrollo.grupomedios.com\/futbol\/wp-json\/wp\/v2\/posts\/448116\/revisions"}],"wp:featuredmedia":[{"embeddable":true,"href":"http:\/\/desarrollo.grupomedios.com\/futbol\/wp-json\/wp\/v2\/media\/433412"}],"wp:attachment":[{"href":"http:\/\/desarrollo.grupomedios.com\/futbol\/wp-json\/wp\/v2\/media?parent=448116"}],"wp:term":[{"taxonomy":"category","embeddable":true,"href":"http:\/\/desarrollo.grupomedios.com\/futbol\/wp-json\/wp\/v2\/categories?post=448116"},{"taxonomy":"post_tag","embeddable":true,"href":"http:\/\/desarrollo.grupomedios.com\/futbol\/wp-json\/wp\/v2\/tags?post=448116"}],"curies":[{"name":"wp","href":"https:\/\/api.w.org\/{rel}","templated":true}]}}