{"id":448231,"date":"2016-12-10T17:22:14","date_gmt":"2016-12-10T23:22:14","guid":{"rendered":"https:\/\/www.futboltotal.com.mx\/?p=448231"},"modified":"2016-12-10T17:22:53","modified_gmt":"2016-12-10T23:22:53","slug":"dorlan-pabon-dejaria-a-rayados","status":"publish","type":"post","link":"http:\/\/desarrollo.grupomedios.com\/futbol\/destacado-home\/dorlan-pabon-dejaria-a-rayados\/2016\/12","title":{"rendered":"Dorlan Pab\u00f3n dejar\u00eda a Rayados"},"content":{"rendered":"<p><strong>Antonio Mohamed<\/strong> confirm\u00f3 a los medios de comunicaci\u00f3n que el portero de Am\u00e9rica, <a href=\"https:\/\/www.futboltotal.com.mx\/2016\/12\/mohamed-anuncia-la-llegada-hugo-gonzalez-a-rayados\/\" target=\"_blank\">Hugo Gonz\u00e1lez<\/a>, se incorporar\u00e1 a <a href=\"http:\/\/futboltotal.com.mx\/equipos\/monterrey\/\" target=\"_blank\">Rayados de Monterrey<\/a> para el Clausura 2017; pero tambi\u00e9n advirti\u00f3 que <strong>Dorlan Pab\u00f3n<\/strong> podr\u00eda dejar a la escuadra regia.<\/p>\n<p>\u201cA m\u00ed me gustar\u00eda que se quede, pero \u00e9l me ha comentado esa inquietud, lo ideal ser\u00eda que se quede por lo menos hasta junio para pelear juntos para llegar a la gloria\u201d, dijo el estratega del Monterrey.<\/p>\n<p style=\"text-align: center;\"><span style=\"color: #3366ff;\"><a style=\"color: #3366ff;\" href=\"https:\/\/www.futboltotal.com.mx\/2016\/12\/rebano-negociaria-pizarro-chivas-tv\/\" target=\"_blank\"><strong>LEER M\u00c1S: Chivas negociar\u00eda exclusividad para conseguir a Pizarro<\/strong><\/a><\/span><\/p>\n<p><strong>Antonio Mohamed<\/strong> no quisiera que <strong>Dorlan Pab\u00f3n<\/strong> dejara al equipo, debido a que lo considera el mejor jugador del plantel, adem\u00e1s de que desea que ambos alcancen el t\u00edtulo en la siguiente campa\u00f1a.<\/p>\n<p>\u201cDorlan es el jugador m\u00e1s importante que tenemos, sabe lo que siento por \u00e9l y todos los goles que ha aportado, tiene la ilusi\u00f3n de salir campe\u00f3n al igual que todos nosotros y veremos c\u00f3mo suceden los tiempos, uno siempre quiere lo mejor para \u00e9l\u201d, agreg\u00f3.<\/p>\n<p><strong>S\u00edguenos en Twitter:<\/strong> <a href=\"https:\/\/twitter.com\/MXFutbolTotal\" target=\"_blank\">@MXFutbolTotal<\/a><\/p>\n","protected":false},"excerpt":{"rendered":"<p>Antonio Mohamed confirma el inter\u00e9s del colombiano por partir.<\/p>\n","protected":false},"author":20,"featured_media":448232,"comment_status":"closed","ping_status":"closed","sticky":false,"template":"","format":"standard","meta":[],"categories":[5,2198,3845],"tags":[2612,5966],"_links":{"self":[{"href":"http:\/\/desarrollo.grupomedios.com\/futbol\/wp-json\/wp\/v2\/posts\/448231"}],"collection":[{"href":"http:\/\/desarrollo.grupomedios.com\/futbol\/wp-json\/wp\/v2\/posts"}],"about":[{"href":"http:\/\/desarrollo.grupomedios.com\/futbol\/wp-json\/wp\/v2\/types\/post"}],"author":[{"embeddable":true,"href":"http:\/\/desarrollo.grupomedios.com\/futbol\/wp-json\/wp\/v2\/users\/20"}],"replies":[{"embeddable":true,"href":"http:\/\/desarrollo.grupomedios.com\/futbol\/wp-json\/wp\/v2\/comments?post=448231"}],"version-history":[{"count":0,"href":"http:\/\/desarrollo.grupomedios.com\/futbol\/wp-json\/wp\/v2\/posts\/448231\/revisions"}],"wp:featuredmedia":[{"embeddable":true,"href":"http:\/\/desarrollo.grupomedios.com\/futbol\/wp-json\/wp\/v2\/media\/448232"}],"wp:attachment":[{"href":"http:\/\/desarrollo.grupomedios.com\/futbol\/wp-json\/wp\/v2\/media?parent=448231"}],"wp:term":[{"taxonomy":"category","embeddable":true,"href":"http:\/\/desarrollo.grupomedios.com\/futbol\/wp-json\/wp\/v2\/categories?post=448231"},{"taxonomy":"post_tag","embeddable":true,"href":"http:\/\/desarrollo.grupomedios.com\/futbol\/wp-json\/wp\/v2\/tags?post=448231"}],"curies":[{"name":"wp","href":"https:\/\/api.w.org\/{rel}","templated":true}]}}