{"id":448384,"date":"2016-12-11T09:39:02","date_gmt":"2016-12-11T15:39:02","guid":{"rendered":"https:\/\/www.futboltotal.com.mx\/?p=448384"},"modified":"2016-12-11T09:39:02","modified_gmt":"2016-12-11T15:39:02","slug":"real-madrid-viajo-a-japon-enfrentar-al-america","status":"publish","type":"post","link":"http:\/\/desarrollo.grupomedios.com\/futbol\/futbol-internacional\/real-madrid-viajo-a-japon-enfrentar-al-america\/2016\/12","title":{"rendered":"Real Madrid viaj\u00f3 a Jap\u00f3n para enfrentar al Am\u00e9rica"},"content":{"rendered":"<p>La expedici\u00f3n del<strong> Real Madrid<\/strong>\u00a0vol\u00f3 a Jap\u00f3n, donde disputa el Mundial de Clubes desde el 15 de diciembre, con la \u00fanica baja por lesi\u00f3n del gal\u00e9s Gareth Bale.<\/p>\n<p>Con el presidente Florentino P\u00e9rez a la cabeza, el Real Madrid parti\u00f3 a primera hora de la ma\u00f1ana del domingo desde el aeropuerto Adolfo Su\u00e1rez Madrid-Barajas, en un vuelo de 13 horas y media de duraci\u00f3n hasta aterrizar en Tokio.<\/p>\n<p style=\"text-align: center;\"><span style=\"color: #3366ff;\">LEER M\u00c1S: Todas las noticias de futbol internacional<\/span><\/p>\n<blockquote class=\"twitter-tweet\" data-lang=\"es\">\n<p dir=\"ltr\" lang=\"es\">\u26bd\ufe0f <a href=\"https:\/\/twitter.com\/hashtag\/RMCWC?src=hash\">#RMCWC<\/a><br \/>\nNuestro rival en las semifinales del Mundial de Clubes ser\u00e1 el <a href=\"https:\/\/twitter.com\/ClubAmerica\">@ClubAmerica<\/a><\/p>\n<p> <a href=\"https:\/\/t.co\/RDYdU4GFpO\">https:\/\/t.co\/RDYdU4GFpO<\/a> <a href=\"https:\/\/t.co\/ynwWVjLVdZ\">pic.twitter.com\/ynwWVjLVdZ<\/a><\/p>\n<p>\u2014 Real Madrid C. F. (@realmadrid) <a href=\"https:\/\/twitter.com\/realmadrid\/status\/807889405688115200\">11 de diciembre de 2016<\/a><\/p><\/blockquote>\n<p><script async src=\"\/\/platform.twitter.com\/widgets.js\" charset=\"utf-8\"><\/script><\/p>\n<p>Con la alegr\u00eda a\u00fan en el cuerpo de la remontada de la noche del s\u00e1bado en el estadio Santiago Bernab\u00e9u y el capit\u00e1n Sergio Ramos como gran protagonista por un nuevo testarazo salvador en el tiempo a\u00f1adido, el l\u00edder de la liga espa\u00f1ola y vigente campe\u00f3n de Europa arranc\u00f3 el camino hacia el que desea que sea \u00faltimo t\u00edtulo del 2016.<\/p>\n<p>La expedici\u00f3n, con toda la primera plantilla salvo el lesionado Bale, llegar\u00e1 a las 5:30 hora local del ya lunes en Jap\u00f3n, y se hospedar\u00e1 en el Hotel Yokohama Royal Park.<\/p>\n<blockquote class=\"twitter-tweet\" data-lang=\"es\">\n<p dir=\"ltr\" lang=\"es\">\u2708\u2b05 <a href=\"https:\/\/twitter.com\/hashtag\/RMCWC?src=hash\">#RMCWC<\/a><br \/>\n\u00a1As\u00ed embarcaron nuestros jugadores en el avi\u00f3n para ir Jap\u00f3n!<a href=\"https:\/\/twitter.com\/hashtag\/HalaMadrid?src=hash\">#HalaMadrid<\/a> <a href=\"https:\/\/t.co\/7F0ne4IX9S\">pic.twitter.com\/7F0ne4IX9S<\/a><\/p>\n<p>\u2014 Real Madrid C. F. (@realmadrid) <a href=\"https:\/\/twitter.com\/realmadrid\/status\/807865327551811587\">11 de diciembre de 2016<\/a><\/p><\/blockquote>\n<p><script async src=\"\/\/platform.twitter.com\/widgets.js\" charset=\"utf-8\"><\/script><\/p>\n<p>Zinedine Zidane facilit\u00f3 una lista de convocados que integran: Keylor Navas, Kiko Casilla, Rub\u00e9n Y\u00e1\u00f1ez, Carvajal, Danilo, Sergio Ramos, Varane, Pepe, Nacho, Marcelo, Coentrao, Casemiro, Kroos, Kovacic, Modric, Isco, Marco Asensio, James, Lucas V\u00e1zquez, Cristiano Ronaldo, Benzema, Mariano y \u00c1lvaro Morata.<\/p>\n<p>Las rotaciones por las que apost\u00f3 Zidane ante el Deportivo de la Coru\u00f1a, permiten al t\u00e9cnico franc\u00e9s contar para el Mundial de Clubes a jugadores que estaban al l\u00edmite f\u00edsico en mejores condiciones. As\u00ed, indiscutibles como Luka Modric, Dani Carvajal, Cristiano Ronaldo o Karim Benzema, podr\u00e1n jugar el encuentro de semifinales que el Real Madrid tendr\u00e1 el 15 de diciembre en su entrada en la competici\u00f3n.<\/p>\n<p>El t\u00e9cnico madridista tambi\u00e9n ha recuperado a futbolistas que ven\u00edan de lesi\u00f3n y han ganado ritmo de competici\u00f3n en los \u00faltimos compromisos, como Toni Kroos, Casemiro o \u00c1lvaro Morata, e incluso cuenta con los laterales suplentes recuperados, Danilo y Fabio Coentrao<\/p>\n<blockquote class=\"twitter-tweet\" data-lang=\"es\">\n<p dir=\"ltr\" lang=\"es\">\u2705 <a href=\"https:\/\/twitter.com\/hashtag\/RMCWC?src=hash\">#RMCWC<\/a><br \/>\n\u00a1Estos son los 23 jugadores convocados para el Mundial de Clubes!<\/p>\n<p> <a href=\"https:\/\/t.co\/uiqW5Zy6V2\">https:\/\/t.co\/uiqW5Zy6V2<\/a><a href=\"https:\/\/twitter.com\/hashtag\/HalaMadrid?src=hash\">#HalaMadrid<\/a> <a href=\"https:\/\/t.co\/2eedEhHN1b\">pic.twitter.com\/2eedEhHN1b<\/a><\/p>\n<p>\u2014 Real Madrid C. F. (@realmadrid) <a href=\"https:\/\/twitter.com\/realmadrid\/status\/807872558770966528\">11 de diciembre de 2016<\/a><\/p><\/blockquote>\n<p><script async src=\"\/\/platform.twitter.com\/widgets.js\" charset=\"utf-8\"><\/script><\/p>\n","protected":false},"excerpt":{"rendered":"<p>Los Merengues se medir\u00e1n a las \u00c1guilas en las Semifinales del torneo FIFA.<\/p>\n","protected":false},"author":20,"featured_media":448385,"comment_status":"closed","ping_status":"closed","sticky":false,"template":"","format":"standard","meta":[],"categories":[3839,5951],"tags":[415,5988],"_links":{"self":[{"href":"http:\/\/desarrollo.grupomedios.com\/futbol\/wp-json\/wp\/v2\/posts\/448384"}],"collection":[{"href":"http:\/\/desarrollo.grupomedios.com\/futbol\/wp-json\/wp\/v2\/posts"}],"about":[{"href":"http:\/\/desarrollo.grupomedios.com\/futbol\/wp-json\/wp\/v2\/types\/post"}],"author":[{"embeddable":true,"href":"http:\/\/desarrollo.grupomedios.com\/futbol\/wp-json\/wp\/v2\/users\/20"}],"replies":[{"embeddable":true,"href":"http:\/\/desarrollo.grupomedios.com\/futbol\/wp-json\/wp\/v2\/comments?post=448384"}],"version-history":[{"count":0,"href":"http:\/\/desarrollo.grupomedios.com\/futbol\/wp-json\/wp\/v2\/posts\/448384\/revisions"}],"wp:featuredmedia":[{"embeddable":true,"href":"http:\/\/desarrollo.grupomedios.com\/futbol\/wp-json\/wp\/v2\/media\/448385"}],"wp:attachment":[{"href":"http:\/\/desarrollo.grupomedios.com\/futbol\/wp-json\/wp\/v2\/media?parent=448384"}],"wp:term":[{"taxonomy":"category","embeddable":true,"href":"http:\/\/desarrollo.grupomedios.com\/futbol\/wp-json\/wp\/v2\/categories?post=448384"},{"taxonomy":"post_tag","embeddable":true,"href":"http:\/\/desarrollo.grupomedios.com\/futbol\/wp-json\/wp\/v2\/tags?post=448384"}],"curies":[{"name":"wp","href":"https:\/\/api.w.org\/{rel}","templated":true}]}}