{"id":448405,"date":"2016-12-11T13:00:35","date_gmt":"2016-12-11T19:00:35","guid":{"rendered":"https:\/\/www.futboltotal.com.mx\/?p=448405"},"modified":"2016-12-11T17:41:58","modified_gmt":"2016-12-11T23:41:58","slug":"agonica-victoria-del-leverkusen-chicharito-sigue-seco","status":"publish","type":"post","link":"http:\/\/desarrollo.grupomedios.com\/futbol\/futbol-internacional\/agonica-victoria-del-leverkusen-chicharito-sigue-seco\/2016\/12","title":{"rendered":"Ag\u00f3nico triunfo del Leverkusen; Chicharito sigue seco"},"content":{"rendered":"<p>Una ag\u00f3nica victoria 1-0 consigui\u00f3 este domingo el\u00a0<strong>Bayer Leverkusen <\/strong>ante el Schalke 04, en la cancha del Veltins Arena dentro de la jornada 14 de la Bundesliga, donde el mexicano <strong>Chicharito Hern\u00e1ndez<\/strong>, alarg\u00f3 a 13 su racha de partidos sin anotar.<\/p>\n<p>El <strong>Schalke<\/strong>, desde el inicio del duelo, se qued\u00f3 en desventaja, pues al minuto tres, el defensa brasile\u00f1o Naldo fue expulsado por un jal\u00f3n sobre <strong>Chicharito<\/strong>\u00a0en los linderos del \u00e1rea. Sin embargo debido a ola de ausencias que tuvo sufri\u00f3 en demas\u00eda para generar ocasiones y tuvo que solventar el resultado con un pincelazo de Stefan Kiessling.<\/p>\n<p style=\"text-align: center;\"><span style=\"color: #3366ff;\">LEER M\u00c1S: Todas la noticias de futbol internacional<\/span><\/p>\n<blockquote class=\"twitter-tweet\" data-lang=\"es\">\n<p dir=\"ltr\" lang=\"es\">90+3&#8242; \u00a1Los tres puntos son nuestros!<a href=\"https:\/\/twitter.com\/s04\">@s04<\/a> 0-1 <a href=\"https:\/\/twitter.com\/hashtag\/Bayer04?src=hash\">#Bayer04<\/a><\/p>\n<p>\u26bd\ufe0f <a href=\"https:\/\/twitter.com\/hashtag\/Kiessling?src=hash\">#Kiessling<\/a> (89&#8242;)<a href=\"https:\/\/twitter.com\/hashtag\/S04B04?src=hash\">#S04B04<\/a> <a href=\"https:\/\/t.co\/kXOTzOw1TK\">pic.twitter.com\/kXOTzOw1TK<\/a><\/p>\n<p>\u2014 Bayer 04 Leverkusen (@bayer04_es) <a href=\"https:\/\/twitter.com\/bayer04_es\/status\/808013987812175872\">11 de diciembre de 2016<\/a><\/p><\/blockquote>\n<p><script async src=\"\/\/platform.twitter.com\/widgets.js\" charset=\"utf-8\"><\/script><\/p>\n<p>Schalke tuvo arroj\u00f3 en todo el partido y cont\u00f3 con las mejores ocasiones de gol. Al menos gener\u00f3 cuatro en la parte complementaria, pero jam\u00e1s encontr\u00f3 claridad en zona de definici\u00f3n.<\/p>\n<p>Cuando todo parec\u00eda indicar que se firmar\u00eda la igualdad, el atacante Stefan Kiessling apareci\u00f3 al minuto 88 para conectar un buen remate de cabeza, luego de un tiro libre en favor de su equipo, y de esta forma darles los tres puntos a los visitantes.<\/p>\n<p>El mexicano Javier <strong>Chicharito<\/strong>\u00a0Hern\u00e1ndez fue titular y disput\u00f3 todo el juego, pero de nueva cuenta no logr\u00f3 marcar, por lo que su mala racha se alarga un partido m\u00e1s, pues no hace gol desde el pasado 1 de octubre cuando el Leverkusen venci\u00f3 2-0 al Borussia Dortmund.<\/p>\n","protected":false},"excerpt":{"rendered":"<p>Las Aspirinas sometieron al Schalke; CH7 fue titular y provoc\u00f3 una expulsi\u00f3n.<\/p>\n","protected":false},"author":20,"featured_media":448419,"comment_status":"closed","ping_status":"closed","sticky":false,"template":"","format":"standard","meta":[],"categories":[3839,6718,5951],"tags":[4335,120],"_links":{"self":[{"href":"http:\/\/desarrollo.grupomedios.com\/futbol\/wp-json\/wp\/v2\/posts\/448405"}],"collection":[{"href":"http:\/\/desarrollo.grupomedios.com\/futbol\/wp-json\/wp\/v2\/posts"}],"about":[{"href":"http:\/\/desarrollo.grupomedios.com\/futbol\/wp-json\/wp\/v2\/types\/post"}],"author":[{"embeddable":true,"href":"http:\/\/desarrollo.grupomedios.com\/futbol\/wp-json\/wp\/v2\/users\/20"}],"replies":[{"embeddable":true,"href":"http:\/\/desarrollo.grupomedios.com\/futbol\/wp-json\/wp\/v2\/comments?post=448405"}],"version-history":[{"count":0,"href":"http:\/\/desarrollo.grupomedios.com\/futbol\/wp-json\/wp\/v2\/posts\/448405\/revisions"}],"wp:featuredmedia":[{"embeddable":true,"href":"http:\/\/desarrollo.grupomedios.com\/futbol\/wp-json\/wp\/v2\/media\/448419"}],"wp:attachment":[{"href":"http:\/\/desarrollo.grupomedios.com\/futbol\/wp-json\/wp\/v2\/media?parent=448405"}],"wp:term":[{"taxonomy":"category","embeddable":true,"href":"http:\/\/desarrollo.grupomedios.com\/futbol\/wp-json\/wp\/v2\/categories?post=448405"},{"taxonomy":"post_tag","embeddable":true,"href":"http:\/\/desarrollo.grupomedios.com\/futbol\/wp-json\/wp\/v2\/tags?post=448405"}],"curies":[{"name":"wp","href":"https:\/\/api.w.org\/{rel}","templated":true}]}}