{"id":448453,"date":"2016-12-11T16:57:39","date_gmt":"2016-12-11T22:57:39","guid":{"rendered":"https:\/\/www.futboltotal.com.mx\/?p=448453"},"modified":"2016-12-11T17:22:44","modified_gmt":"2016-12-11T23:22:44","slug":"desciende-historico-brasil","status":"publish","type":"post","link":"http:\/\/desarrollo.grupomedios.com\/futbol\/top-internacional-home\/desciende-historico-brasil\/2016\/12","title":{"rendered":"Desciende un hist\u00f3rico de Brasil"},"content":{"rendered":"<p><strong>Inter de Porto Alegre<\/strong> ha perdido la categor\u00eda este domingo en la <strong>Primera Divisi\u00f3n de Brasil<\/strong> al empatar 1-1 de visitante ante el <strong>Fluminense<\/strong> en la \u00faltima fecha. El hist\u00f3rico club, necesitaba ganar y esperar una combinaci\u00f3n de resultados para poder mantenerse en primera.<\/p>\n<p>En sus 107 a\u00f1os de vida, Inter, era uno de los seis equipo que nunca hab\u00eda descendido Santos, Sao Paulo, Flamengo, Cruzeiro y Chapecoense, equipo que desde que ascendi\u00f3 no ha bajado a segunda.<\/p>\n<p>Inter disput\u00f3 45 temporadas en primera, desde su ascenso y se une a los grandes clubes brasile\u00f1os que se han ido entre los que se encuentran, Atl\u00e9tico Mineiro (2005), Botafogo (2002 y 2014), Corinthians (2007), Gremio (2004), Palmeiras (2002 y 2012) y Vasco da Gama (2008, 2013 y 2015).<\/p>\n<p style=\"text-align: center;\"><span style=\"color: #3366ff;\"><a style=\"color: #3366ff;\" href=\"https:\/\/www.futboltotal.com.mx\/2016\/12\/multa-millonaria-la-femexfut\/\" target=\"_blank\">LEER M\u00c1S: Multa millonaria para la FEMEXFUT<\/a><\/span><\/p>\n<p>El equipo que le ganara a <strong>Chivas<\/strong> una final de <strong>Libertadores,<\/strong> se pone en la lista con\u00a0<strong>Am\u00e9rica de Mina Gerais, Santa Cruz y Figueirense,<\/strong> como los equipos descendidos esta temporada.<\/p>\n<p><iframe loading=\"lazy\" src=\"https:\/\/www.youtube.com\/embed\/kcvR4SdgKM0?feature=oembed\" frameborder=\"0\" allowfullscreen><\/iframe><\/p>\n<p>En los \u00faltimos diez a\u00f1os, el equipo Colorado, hab\u00eda sido uno de los m\u00e1s ganadores del continente conquistando\u00a0<strong>dos Copas Libertadores (2006 y 2010), un Mundial de Clubes (2006)<\/strong>, una <strong>Copa Sudamericana<\/strong>, dos Recopas Sudamericanas y una Copa Suruga Bank,<\/p>\n<p><strong>Nahuelpan,<\/strong> un viejo conocido del futbol mexicano se acaba de ir a segunda, pues recordemos que reci\u00e9n lleg\u00f3 al conjunto <em>ga\u00facho.\u00a0<\/em><\/p>\n<p><span style=\"color: #3366ff;\"><a style=\"color: #3366ff;\" href=\"https:\/\/twitter.com\/MXFutbolTotal\" target=\"_blank\">S\u00edguenos en Twitter: @MXFutbolTotal<\/a><\/span><\/p>\n","protected":false},"excerpt":{"rendered":"<p>Ariel Nahuelpan descendi\u00f3 con el conjunto brasile\u00f1o.<\/p>\n","protected":false},"author":20,"featured_media":448457,"comment_status":"closed","ping_status":"closed","sticky":false,"template":"","format":"standard","meta":[],"categories":[5951],"tags":[4171],"_links":{"self":[{"href":"http:\/\/desarrollo.grupomedios.com\/futbol\/wp-json\/wp\/v2\/posts\/448453"}],"collection":[{"href":"http:\/\/desarrollo.grupomedios.com\/futbol\/wp-json\/wp\/v2\/posts"}],"about":[{"href":"http:\/\/desarrollo.grupomedios.com\/futbol\/wp-json\/wp\/v2\/types\/post"}],"author":[{"embeddable":true,"href":"http:\/\/desarrollo.grupomedios.com\/futbol\/wp-json\/wp\/v2\/users\/20"}],"replies":[{"embeddable":true,"href":"http:\/\/desarrollo.grupomedios.com\/futbol\/wp-json\/wp\/v2\/comments?post=448453"}],"version-history":[{"count":0,"href":"http:\/\/desarrollo.grupomedios.com\/futbol\/wp-json\/wp\/v2\/posts\/448453\/revisions"}],"wp:featuredmedia":[{"embeddable":true,"href":"http:\/\/desarrollo.grupomedios.com\/futbol\/wp-json\/wp\/v2\/media\/448457"}],"wp:attachment":[{"href":"http:\/\/desarrollo.grupomedios.com\/futbol\/wp-json\/wp\/v2\/media?parent=448453"}],"wp:term":[{"taxonomy":"category","embeddable":true,"href":"http:\/\/desarrollo.grupomedios.com\/futbol\/wp-json\/wp\/v2\/categories?post=448453"},{"taxonomy":"post_tag","embeddable":true,"href":"http:\/\/desarrollo.grupomedios.com\/futbol\/wp-json\/wp\/v2\/tags?post=448453"}],"curies":[{"name":"wp","href":"https:\/\/api.w.org\/{rel}","templated":true}]}}