{"id":448469,"date":"2016-12-11T18:00:22","date_gmt":"2016-12-12T00:00:22","guid":{"rendered":"https:\/\/www.futboltotal.com.mx\/?p=448469"},"modified":"2016-12-11T18:00:22","modified_gmt":"2016-12-12T00:00:22","slug":"morata-se-compromete-truco-magia","status":"publish","type":"post","link":"http:\/\/desarrollo.grupomedios.com\/futbol\/videos\/morata-se-compromete-truco-magia\/2016\/12","title":{"rendered":"Morata se compromete con truco de magia"},"content":{"rendered":"<p>El futbolista del <strong>Real Madrid<\/strong>,<strong> \u00c1lvaro Morata<\/strong>, ha dado una de las im\u00e1genes m\u00e1s bellas del fin de semana, cuando le pidi\u00f3 matrimonio a su novia <strong>Alice Campello<\/strong> de una forma inigualable.<\/p>\n<p>Fue durante la presentaci\u00f3n del\u00a0<strong>Mago Pop<\/strong>, cuando el delantero espa\u00f1ol convirti\u00f3 ese momento en &#8220;m\u00e1gico&#8221;. El Mago fue complice Morata para hacer este sue\u00f1o realidad y dejar sin palabras a la que ahora ser\u00e1 su esposa.\u00a0El Merengue no ha dejado de ocultar su emoci\u00f3n en redes sociales.<\/p>\n<p>&nbsp;<\/p>\n<blockquote class=\"instagram-media\" style=\"background: #FFF; border: 0; border-radius: 3px; box-shadow: 0 0 1px 0 rgba(0,0,0,0.5),0 1px 10px 0 rgba(0,0,0,0.15); margin: 1px; max-width: 658px; padding: 0; width: calc(100% - 2px);\" data-instgrm-captioned=\"\" data-instgrm-version=\"7\">\n<div style=\"padding: 8px;\">\n<div style=\"background: #F8F8F8; line-height: 0; margin-top: 40px; padding: 59.0277777778% 0; text-align: center; width: 100%;\"><\/div>\n<p style=\"margin: 8px 0 0 0; padding: 0 4px;\"><a style=\"color: #000; font-family: Arial,sans-serif; font-size: 14px; font-style: normal; font-weight: normal; line-height: 17px; text-decoration: none; word-wrap: break-word;\" href=\"https:\/\/www.instagram.com\/p\/BNz58iijgX_\/\" target=\"_blank\">Ha dicho que SII!! Nos casamos!!! Te amo @alicecampello \u2764\ufe0f&#x1f389;&#x1f389;&#x1f389;<\/a><\/p>\n<p style=\"color: #c9c8cd; font-family: Arial,sans-serif; font-size: 14px; line-height: 17px; margin-bottom: 0; margin-top: 8px; overflow: hidden; padding: 8px 0 7px; text-align: center; text-overflow: ellipsis; white-space: nowrap;\">Una foto publicada por \u00c1lvaro Morata (@alvaromorata) el <time style=\"font-family: Arial,sans-serif; font-size: 14px; line-height: 17px;\" datetime=\"2016-12-09T21:11:59+00:00\">9 de Dic de 2016 a la(s) 1:11 PST<\/time><\/p>\n<\/div>\n<\/blockquote>\n<p><script async defer src=\"\/\/platform.instagram.com\/en_US\/embeds.js\"><\/script><\/p>\n<p style=\"text-align: center;\"><span style=\"color: #3366ff;\"><a style=\"color: #3366ff;\" href=\"https:\/\/www.futboltotal.com.mx\/2016\/12\/raul-jimenez-anota-en-derbi-lisboa\/\" target=\"_blank\">LEER M\u00c1S: Ra\u00fal Jim\u00e9nez anota en el derbi de Lisboa<\/a><\/span><\/p>\n<p>Recordemos que <strong>\u00c1lvaro<\/strong> ya viaj\u00f3 con el <strong>Real Madrid<\/strong> a Jap\u00f3n para enfrentar al <strong>Am\u00e9rica<\/strong> en el Mundial de Clubes el pr\u00f3ximo jueves, en el duelo correspondiente a la semifinal.<\/p>\n<p><iframe loading=\"lazy\" src=\"https:\/\/www.youtube.com\/embed\/1snO6nFqiRE?feature=oembed\" frameborder=\"0\" allowfullscreen><\/iframe><\/p>\n<p><span style=\"color: #3366ff;\"><a style=\"color: #3366ff;\" href=\"https:\/\/twitter.com\/MXFutbolTotal\" target=\"_blank\">S\u00edguenos en Twitter: @MXFutbolTotal<\/a><\/span><\/p>\n","protected":false},"excerpt":{"rendered":"<p>El Merengue se comprometi\u00f3 con su novia Alice Campello<\/p>\n","protected":false},"author":20,"featured_media":448472,"comment_status":"closed","ping_status":"closed","sticky":false,"template":"","format":"standard","meta":[],"categories":[5419,4],"tags":[3001,5988],"_links":{"self":[{"href":"http:\/\/desarrollo.grupomedios.com\/futbol\/wp-json\/wp\/v2\/posts\/448469"}],"collection":[{"href":"http:\/\/desarrollo.grupomedios.com\/futbol\/wp-json\/wp\/v2\/posts"}],"about":[{"href":"http:\/\/desarrollo.grupomedios.com\/futbol\/wp-json\/wp\/v2\/types\/post"}],"author":[{"embeddable":true,"href":"http:\/\/desarrollo.grupomedios.com\/futbol\/wp-json\/wp\/v2\/users\/20"}],"replies":[{"embeddable":true,"href":"http:\/\/desarrollo.grupomedios.com\/futbol\/wp-json\/wp\/v2\/comments?post=448469"}],"version-history":[{"count":0,"href":"http:\/\/desarrollo.grupomedios.com\/futbol\/wp-json\/wp\/v2\/posts\/448469\/revisions"}],"wp:featuredmedia":[{"embeddable":true,"href":"http:\/\/desarrollo.grupomedios.com\/futbol\/wp-json\/wp\/v2\/media\/448472"}],"wp:attachment":[{"href":"http:\/\/desarrollo.grupomedios.com\/futbol\/wp-json\/wp\/v2\/media?parent=448469"}],"wp:term":[{"taxonomy":"category","embeddable":true,"href":"http:\/\/desarrollo.grupomedios.com\/futbol\/wp-json\/wp\/v2\/categories?post=448469"},{"taxonomy":"post_tag","embeddable":true,"href":"http:\/\/desarrollo.grupomedios.com\/futbol\/wp-json\/wp\/v2\/tags?post=448469"}],"curies":[{"name":"wp","href":"https:\/\/api.w.org\/{rel}","templated":true}]}}