{"id":448498,"date":"2016-12-12T08:25:55","date_gmt":"2016-12-12T14:25:55","guid":{"rendered":"https:\/\/www.futboltotal.com.mx\/?p=448498"},"modified":"2016-12-12T08:32:39","modified_gmt":"2016-12-12T14:32:39","slug":"definidos-octavos-final-champions-league","status":"publish","type":"post","link":"http:\/\/desarrollo.grupomedios.com\/futbol\/destacado-home\/definidos-octavos-final-champions-league\/2016\/12","title":{"rendered":"Definidos los Octavos de Final de la Champions League"},"content":{"rendered":"<p>Este lunes se llev\u00f3 acabo el sorteo de los <strong>Octavos de Final de la Champions League<\/strong> en Nyon, que se disputar\u00e1n los d\u00edas 14, 15, 21 y 22 de febrero los juegos de ida, mientras que los juegos de vuelta ser\u00e1n 7,8,14 y 15 de marzo.<\/p>\n<p>La suerte no jug\u00f3 con los mexicanos que militan en el viejo continente, pues el <strong>Benfica de Ra\u00fal Jim\u00e9nez<\/strong>, jugar\u00e1 ante el <strong>Borussia Dortmund; Chicharito y Leverkusen<\/strong> se medir\u00e1n ante el <strong>Atl\u00e9tico de Madrid del Cholo Simeone<\/strong>; el <strong>Porto con Lay\u00fan, Herrera y Corona<\/strong> se eliminar\u00e1 ante la Juventus, actual campe\u00f3n de Italia.<\/p>\n<p style=\"text-align: center;\"><span style=\"color: #3366ff;\"><a style=\"color: #3366ff;\" href=\"https:\/\/www.futboltotal.com.mx\/2016\/12\/afirman-rodolfo-pizarro-confirmo-fichaje-chivas\/\" target=\"_blank\">LEER M\u00c1S: Rodolfo Pizarro confirm\u00f3 su fichaje con Chivas<\/a><\/span><\/p>\n<p><strong>Barcelona<\/strong> de Luis Enrique no corri\u00f3 con la mejor de las suertes y enfrentar\u00e1 a <strong>Paris Saint Germain<\/strong>, mientras que <strong>Real Madrid<\/strong> se ver\u00e1 las caras ante <strong>Napoli.<\/strong> Los cruces restantes son entre el <strong>Manchester City vs Monaco, Bayern M\u00fanich vs Arsenal y Sevilla ante el Leicester City.<\/strong><\/p>\n<blockquote class=\"twitter-tweet\" data-width=\"500\">\n<p lang=\"en\" dir=\"ltr\">\u26bd\u00a0The official result of the <a href=\"https:\/\/twitter.com\/hashtag\/UCLdraw?src=hash\">#UCLdraw<\/a>! \u26bd<\/p>\n<p>Most exciting match? <a href=\"https:\/\/t.co\/r2z88m6VtX\">pic.twitter.com\/r2z88m6VtX<\/a><\/p>\n<p>&mdash; Champions League (@ChampionsLeague) <a href=\"https:\/\/twitter.com\/ChampionsLeague\/status\/808270930275344385\">December 12, 2016<\/a><\/p><\/blockquote>\n<p><script async src=\"\/\/platform.twitter.com\/widgets.js\" charset=\"utf-8\"><\/script><\/p>\n<p>Tambi\u00e9n qued\u00f3 lista la ronda de los 32 mejores en la <strong>UEFA Europa League<\/strong>, en donde <strong>Jona Dos Santos y Villarreal<\/strong> se medir\u00e1n en un juego de alto voltaje ante la <strong>Roma;<\/strong> mientras que <strong>Carlos Salcedo y la Fiorentina<\/strong> enfrentar\u00e1n al <strong>Borussia Monchengladbach.\u00a0<\/strong><\/p>\n<blockquote class=\"twitter-tweet\" data-width=\"500\">\n<p lang=\"en\" dir=\"ltr\">\u26bd\ufe0f The official result of the <a href=\"https:\/\/twitter.com\/hashtag\/UELdraw?src=hash\">#UELdraw<\/a> \u26bd\ufe0f<\/p>\n<p>Who are you backing to reach the last 16? <a href=\"https:\/\/t.co\/HvCczJ1OzE\">pic.twitter.com\/HvCczJ1OzE<\/a><\/p>\n<p>&mdash; UEFA Europa League (@EuropaLeague) <a href=\"https:\/\/twitter.com\/EuropaLeague\/status\/808292152426057729\">December 12, 2016<\/a><\/p><\/blockquote>\n<p><script async src=\"\/\/platform.twitter.com\/widgets.js\" charset=\"utf-8\"><\/script><\/p>\n<p><span style=\"color: #3366ff;\"><a style=\"color: #3366ff;\" href=\"https:\/\/twitter.com\/MXFutbolTotal\" target=\"_blank\">S\u00edguenos en Twitter: @MXFutbolTotal<\/a><\/span><\/p>\n","protected":false},"excerpt":{"rendered":"<p>Los Octavos se disputar\u00e1n en Febrero y Marzo del 2017. <\/p>\n","protected":false},"author":20,"featured_media":448499,"comment_status":"closed","ping_status":"closed","sticky":false,"template":"","format":"standard","meta":[],"categories":[3841,5,3839],"tags":[6044,6007,5984,4335,2056,6060,6047,36,5999,6772,5993,6093,160,1208,114,5988,49],"_links":{"self":[{"href":"http:\/\/desarrollo.grupomedios.com\/futbol\/wp-json\/wp\/v2\/posts\/448498"}],"collection":[{"href":"http:\/\/desarrollo.grupomedios.com\/futbol\/wp-json\/wp\/v2\/posts"}],"about":[{"href":"http:\/\/desarrollo.grupomedios.com\/futbol\/wp-json\/wp\/v2\/types\/post"}],"author":[{"embeddable":true,"href":"http:\/\/desarrollo.grupomedios.com\/futbol\/wp-json\/wp\/v2\/users\/20"}],"replies":[{"embeddable":true,"href":"http:\/\/desarrollo.grupomedios.com\/futbol\/wp-json\/wp\/v2\/comments?post=448498"}],"version-history":[{"count":0,"href":"http:\/\/desarrollo.grupomedios.com\/futbol\/wp-json\/wp\/v2\/posts\/448498\/revisions"}],"wp:featuredmedia":[{"embeddable":true,"href":"http:\/\/desarrollo.grupomedios.com\/futbol\/wp-json\/wp\/v2\/media\/448499"}],"wp:attachment":[{"href":"http:\/\/desarrollo.grupomedios.com\/futbol\/wp-json\/wp\/v2\/media?parent=448498"}],"wp:term":[{"taxonomy":"category","embeddable":true,"href":"http:\/\/desarrollo.grupomedios.com\/futbol\/wp-json\/wp\/v2\/categories?post=448498"},{"taxonomy":"post_tag","embeddable":true,"href":"http:\/\/desarrollo.grupomedios.com\/futbol\/wp-json\/wp\/v2\/tags?post=448498"}],"curies":[{"name":"wp","href":"https:\/\/api.w.org\/{rel}","templated":true}]}}