{"id":448510,"date":"2016-12-12T09:24:54","date_gmt":"2016-12-12T15:24:54","guid":{"rendered":"https:\/\/www.futboltotal.com.mx\/?p=448510"},"modified":"2016-12-12T11:55:47","modified_gmt":"2016-12-12T17:55:47","slug":"delantero-galatasaray-gol-policia","status":"publish","type":"post","link":"http:\/\/desarrollo.grupomedios.com\/futbol\/futbol-internacional\/delantero-galatasaray-gol-policia\/2016\/12","title":{"rendered":"Delantero del Galatasaray festeja un gol con la polic\u00eda"},"content":{"rendered":"<p>El s\u00e1bado pasado, un atentado terrorista volvi\u00f3 a sacudir al mundo. El escenario fue la ciudad de Estambul, en <strong>Turqu\u00eda<\/strong>. La noche del s\u00e1bado, poco despu\u00e9s de que se jugara el encuentro entre Besiktas y Bursaspor, ocurrieron dos explosiones, que provocaron hasta ahora la muerte de m\u00e1s de 40 personas y han dejado heridas a m\u00e1s de 150.<\/p>\n<p>El primero de los atentados fue un coche bomba, que estall\u00f3 en las cercan\u00edas de la Vodafone Arena, el estadio del Besiktas. Esa explosi\u00f3n fue muy cerca de un puesto antidisturbios, destinado a la seguridad durante el partido de la liga de <strong>Turqu\u00eda<\/strong>, por lo que la mayor\u00eda de las v\u00edctimas fatales fueron polic\u00edas.<\/p>\n<p style=\"text-align: center;\"><a href=\"https:\/\/www.futboltotal.com.mx\/2016\/12\/coche-bomba-estalla-en-las-afueras-de-estadio\/\" target=\"_blank\"><span style=\"color: #3366ff;\"><strong>LEER M\u00c1S: Terrible atentado en las afueras de estadio de Estambul<\/strong><\/span><\/a><\/p>\n<p>Por ello, el delantero del Galatasaray Yasin \u00d6ztekin tuvo un gesto en honor a ellos, en el partido de su escuadra contra el Gaziantepspor en la liga de <strong>Turqu\u00eda<\/strong>, celebrado este domingo.<\/p>\n<p><a href=\"https:\/\/www.futboltotal.com.mx\/wp-content\/uploads\/2016\/12\/000_J0552.jpg\"><img decoding=\"async\" loading=\"lazy\" class=\"alignnone wp-image-448538 size-full\" src=\"https:\/\/www.futboltotal.com.mx\/wp-content\/uploads\/2016\/12\/000_J0552.jpg\" srcset=\"http:\/\/desarrollo.grupomedios.com\/futbol\/wp-content\/uploads\/2016\/12\/000_J0552.jpg 768w, http:\/\/desarrollo.grupomedios.com\/futbol\/wp-content\/uploads\/2016\/12\/000_J0552-300x194.jpg 300w\" sizes=\"(max-width: 768px) 100vw, 768px\" \/><\/a><\/p>\n<p>\u00d6ztekin marc\u00f3 los tres goles con los que su escuadra se impuso 3-1 y celebr\u00f3 el primero de ellos junto con algunos polic\u00edas que se encontraban en el campo. Tras marcar, el delantero se acerc\u00f3 a saludar al grupo de polic\u00edas y luego se abraz\u00f3 con ellos.<\/p>\n<blockquote class=\"twitter-tweet\" data-lang=\"es\">\n<p dir=\"ltr\" lang=\"es\">Detalle de pureza en la Liga turca. Celebra el gol con la policia tras los atentados del s\u00e1bado <a href=\"https:\/\/t.co\/uZip3cDPBp\">pic.twitter.com\/uZip3cDPBp<\/a><\/p>\n<p>\u2014 Jorge Vicente (@jorgevicente) <a href=\"https:\/\/twitter.com\/jorgevicente\/status\/808208773684854784\">12 de diciembre de 2016<\/a><\/p><\/blockquote>\n<p><script async src=\"\/\/platform.twitter.com\/widgets.js\" charset=\"utf-8\"><\/script><\/p>\n","protected":false},"excerpt":{"rendered":"<p>El ariete Yasin \u00d6ztekin festej\u00f3 su primer gol con un gran gesto.<\/p>\n","protected":false},"author":20,"featured_media":448512,"comment_status":"closed","ping_status":"closed","sticky":false,"template":"","format":"standard","meta":[],"categories":[3839,5951],"tags":[6032,779],"_links":{"self":[{"href":"http:\/\/desarrollo.grupomedios.com\/futbol\/wp-json\/wp\/v2\/posts\/448510"}],"collection":[{"href":"http:\/\/desarrollo.grupomedios.com\/futbol\/wp-json\/wp\/v2\/posts"}],"about":[{"href":"http:\/\/desarrollo.grupomedios.com\/futbol\/wp-json\/wp\/v2\/types\/post"}],"author":[{"embeddable":true,"href":"http:\/\/desarrollo.grupomedios.com\/futbol\/wp-json\/wp\/v2\/users\/20"}],"replies":[{"embeddable":true,"href":"http:\/\/desarrollo.grupomedios.com\/futbol\/wp-json\/wp\/v2\/comments?post=448510"}],"version-history":[{"count":0,"href":"http:\/\/desarrollo.grupomedios.com\/futbol\/wp-json\/wp\/v2\/posts\/448510\/revisions"}],"wp:featuredmedia":[{"embeddable":true,"href":"http:\/\/desarrollo.grupomedios.com\/futbol\/wp-json\/wp\/v2\/media\/448512"}],"wp:attachment":[{"href":"http:\/\/desarrollo.grupomedios.com\/futbol\/wp-json\/wp\/v2\/media?parent=448510"}],"wp:term":[{"taxonomy":"category","embeddable":true,"href":"http:\/\/desarrollo.grupomedios.com\/futbol\/wp-json\/wp\/v2\/categories?post=448510"},{"taxonomy":"post_tag","embeddable":true,"href":"http:\/\/desarrollo.grupomedios.com\/futbol\/wp-json\/wp\/v2\/tags?post=448510"}],"curies":[{"name":"wp","href":"https:\/\/api.w.org\/{rel}","templated":true}]}}