{"id":448532,"date":"2016-12-12T10:53:10","date_gmt":"2016-12-12T16:53:10","guid":{"rendered":"https:\/\/www.futboltotal.com.mx\/?p=448532"},"modified":"2016-12-12T10:53:10","modified_gmt":"2016-12-12T16:53:10","slug":"america-motivado-enfrentar-real-madrid","status":"publish","type":"post","link":"http:\/\/desarrollo.grupomedios.com\/futbol\/uncategorized\/america-motivado-enfrentar-real-madrid\/2016\/12","title":{"rendered":"Am\u00e9rica motivado para enfrentar a Real Madrid"},"content":{"rendered":"<p>POR: <span style=\"color: #993300;\"><a style=\"color: #993300;\" href=\"http:\/\/pressportmx.com\/\" target=\"_blank\">PRESSPORT<\/a><\/span><\/p>\n<p>Durante todo el 2016 la Directiva del <span style=\"color: #000000;\"><a style=\"color: #000000;\" href=\"https:\/\/www.futboltotal.com.mx\/2016\/12\/equipos\/america\/\" target=\"_blank\">Am\u00e9rica<\/a><\/span> fue cuestionada hasta el cansancio sobre el tema de un partido que celebrara los 100 a\u00f1os de fundaci\u00f3n, el cual no lleg\u00f3 por lo menos en tierras mexicanas. Ahora, a miles de kil\u00f3metros y en una instancia oficial, las <em>\u00c1guilas<\/em> se medir\u00e1n al <strong>Real Madrid<\/strong>, siendo \u00e9ste, un objetivo alcanzado para todos en Coapa.<\/p>\n<blockquote><p>\u201cEs un objetivo que ten\u00edamos, hab\u00eda que superar un rival \u00a0dif\u00edcil como lo hicimos ayer, estamos contentos y motivados para hacer un buen partido ante uno de los mejores del mundo\u201d, indic\u00f3 <strong>Ricardo Pel\u00e1ez<\/strong> a su llegada a Yokohama.<\/p><\/blockquote>\n<p style=\"text-align: center;\"><span style=\"color: #3366ff;\"><a style=\"color: #3366ff;\" href=\"https:\/\/www.futboltotal.com.mx\/2016\/12\/zidane-no-conocia-america-ya-estudiamos\/\" target=\"_blank\">LEER M\u00c1S: Zidane: \u201cNo conoc\u00eda al Am\u00e9rica, pero ya lo estudiamos\u201d<\/a><\/span><\/p>\n<p>Para <strong>Pel\u00e1ez<\/strong>, el llegar a las Semifinales del Mundial de Clubes 2016 y la Final de la Liga MX, luego del despido de Ignacio Ambriz a mitad del torneo, es una oportunidad y no una revancha, para seguir haciendo historia.<\/p>\n<blockquote><p>\u201cM\u00e1s que revancha, son oportunidades que se presentan. No creo que se haya dado un vuelco, siempre estuvimos en zona de clasificaci\u00f3n, hay que ir paso a paso, fuimos recuperando jugadores y eso fue importante para llegar a este momento\u201d, se\u00f1al\u00f3.<\/p><\/blockquote>\n<blockquote class=\"twitter-tweet\" data-width=\"500\">\n<p lang=\"es\" dir=\"ltr\">As\u00ed fue la \u00faltima pr\u00e1ctica de nuestras \u00c1guilas en el Estadio Nagai de Osaka previo a su viaje rumbo a Yokohama <a href=\"https:\/\/twitter.com\/hashtag\/%C3%81guilasEnJap%C3%B3n?src=hash\">#\u00c1guilasEnJap\u00f3n<\/a>. <a href=\"https:\/\/t.co\/Q99ZlhwsBt\">pic.twitter.com\/Q99ZlhwsBt<\/a><\/p>\n<p>&mdash; Club Am\u00e9rica (@ClubAmerica) <a href=\"https:\/\/twitter.com\/ClubAmerica\/status\/808340658175889408\">December 12, 2016<\/a><\/p><\/blockquote>\n<p><script async src=\"\/\/platform.twitter.com\/widgets.js\" charset=\"utf-8\"><\/script><\/p>\n<p>Por \u00faltimo, el directivo anunci\u00f3 las altas de <strong>Sambueza e Ibarra<\/strong>: Muy ilusionados, hoy con la buena noticia de que <strong>Rubens y Renato<\/strong> trabajaron al parejo, contentos, viaje r\u00e1pido, cero cansancio.<\/p>\n<p>S\u00edguenos en Twitter: <span style=\"color: #3366ff;\"><a style=\"color: #3366ff;\" href=\"https:\/\/twitter.com\/MXFutbolTotal\" target=\"_blank\">@MXFutbolTotal<\/a><\/span><\/p>\n","protected":false},"excerpt":{"rendered":"<p>Ricardo Pel\u00e1ez ve a un equipo fuerte y contento para enfrentar a los Merengues. <\/p>\n","protected":false},"author":20,"featured_media":448536,"comment_status":"closed","ping_status":"closed","sticky":false,"template":"","format":"standard","meta":[],"categories":[3839,2198,3845,5951,1],"tags":[1585,5959,1774,7435,5988],"_links":{"self":[{"href":"http:\/\/desarrollo.grupomedios.com\/futbol\/wp-json\/wp\/v2\/posts\/448532"}],"collection":[{"href":"http:\/\/desarrollo.grupomedios.com\/futbol\/wp-json\/wp\/v2\/posts"}],"about":[{"href":"http:\/\/desarrollo.grupomedios.com\/futbol\/wp-json\/wp\/v2\/types\/post"}],"author":[{"embeddable":true,"href":"http:\/\/desarrollo.grupomedios.com\/futbol\/wp-json\/wp\/v2\/users\/20"}],"replies":[{"embeddable":true,"href":"http:\/\/desarrollo.grupomedios.com\/futbol\/wp-json\/wp\/v2\/comments?post=448532"}],"version-history":[{"count":0,"href":"http:\/\/desarrollo.grupomedios.com\/futbol\/wp-json\/wp\/v2\/posts\/448532\/revisions"}],"wp:featuredmedia":[{"embeddable":true,"href":"http:\/\/desarrollo.grupomedios.com\/futbol\/wp-json\/wp\/v2\/media\/448536"}],"wp:attachment":[{"href":"http:\/\/desarrollo.grupomedios.com\/futbol\/wp-json\/wp\/v2\/media?parent=448532"}],"wp:term":[{"taxonomy":"category","embeddable":true,"href":"http:\/\/desarrollo.grupomedios.com\/futbol\/wp-json\/wp\/v2\/categories?post=448532"},{"taxonomy":"post_tag","embeddable":true,"href":"http:\/\/desarrollo.grupomedios.com\/futbol\/wp-json\/wp\/v2\/tags?post=448532"}],"curies":[{"name":"wp","href":"https:\/\/api.w.org\/{rel}","templated":true}]}}