{"id":448556,"date":"2016-12-12T13:18:20","date_gmt":"2016-12-12T19:18:20","guid":{"rendered":"https:\/\/www.futboltotal.com.mx\/?p=448556"},"modified":"2016-12-12T13:26:31","modified_gmt":"2016-12-12T19:26:31","slug":"oficial-cristiano-ronaldo-ganador-del-balon-oro-2016","status":"publish","type":"post","link":"http:\/\/desarrollo.grupomedios.com\/futbol\/destacado-home\/oficial-cristiano-ronaldo-ganador-del-balon-oro-2016\/2016\/12","title":{"rendered":"Oficial: Cristiano Ronaldo es el ganador del Bal\u00f3n de Oro 2016"},"content":{"rendered":"<p>Lo que se ven\u00eda rumorando desde hace varios d\u00edas finalmente se ha confirmado de manera oficial: <strong>Cristiano Ronaldo<\/strong> es el ganador del Bal\u00f3n de Oro 2016.<\/p>\n<p>La revista France Football anunci\u00f3 ya al goleador portugu\u00e9s como ganador del premio al mejor jugador del a\u00f1o en curso.<\/p>\n<p style=\"text-align: center;\"><a href=\"https:\/\/www.futboltotal.com.mx\/2016\/12\/supuesta-portada-france-football-da-balon-oro-a-cristiano\/\" target=\"_blank\"><span style=\"color: #3366ff;\"><strong>LEER M\u00c1S: Supuesta portada de France Football da Bal\u00f3n de Oro a\u00a0CR7<\/strong><\/span><\/a><\/p>\n<p>El goleador del Real Madrid consigui\u00f3 de esta manera el cuarto Bal\u00f3n de Oro en su carrera, en un a\u00f1o en el que, a nivel colectivo, consigui\u00f3 los t\u00edtulos m\u00e1s importantes a nivel internacional: la <strong>Champions League<\/strong> (und\u00e9cima para su club) y la Eurocopa (primera en la historia de Portugal).<\/p>\n<p>Una vez anunciado como ganador del premio de France Football, se revel\u00f3 tambi\u00e9n un video con declaraciones de <strong>Cristiano<\/strong> acerca de su designaci\u00f3n, en las que asegur\u00f3: \u201cNunca imagin\u00e9 ganar cuatro veces el Bal\u00f3n de Oro\u201d.<\/p>\n<p style=\"text-align: center;\"><a href=\"https:\/\/www.futboltotal.com.mx\/2016\/12\/debe-teme-cristiano-ante-acusaciones\/\" target=\"_blank\"><span style=\"color: #3366ff;\"><strong>LEER M\u00c1S: Quien no debe, no teme<\/strong><\/span><\/a><\/p>\n<p>El portugu\u00e9s hizo un balance sobre lo que representa 2016 en su carrera: \u201cFue un a\u00f1o, posiblemente el mejor de mi carrera, a nivel colectivo y a nivel individual. Lograr algo por Portugal, era un t\u00edtulo que me faltaba en mi curr\u00edculum\u201d, aunque a\u00f1adi\u00f3: \u201cNo olvidar la Champions que ganamos con Real Madrid\u2026 para m\u00ed fue un a\u00f1o inolvidable\u201d.<\/p>\n<p>Y aunque <strong>Cristiano<\/strong> explic\u00f3 que ambos t\u00edtulos son importantes, matiz\u00f3: \u201cHay que valorar la Champions, pero el t\u00edtulo con Portugal fue un paso arriba\u201d.<\/p>\n<p><a href=\"https:\/\/twitter.com\/MXFutbolTotal\" target=\"_blank\"><span style=\"color: #3366ff;\"><strong>S\u00edguenos en Twitter: @MXFutbolTotal<\/strong><\/span><\/a><\/p>\n","protected":false},"excerpt":{"rendered":"<p>El portugu\u00e9s conquist\u00f3 su cuarto galard\u00f3n otorgado por la revista France Football.<\/p>\n","protected":false},"author":20,"featured_media":441284,"comment_status":"closed","ping_status":"closed","sticky":false,"template":"","format":"standard","meta":[],"categories":[5,3839,3844],"tags":[222,1496,6013,4567,2048,715,5080,5988],"_links":{"self":[{"href":"http:\/\/desarrollo.grupomedios.com\/futbol\/wp-json\/wp\/v2\/posts\/448556"}],"collection":[{"href":"http:\/\/desarrollo.grupomedios.com\/futbol\/wp-json\/wp\/v2\/posts"}],"about":[{"href":"http:\/\/desarrollo.grupomedios.com\/futbol\/wp-json\/wp\/v2\/types\/post"}],"author":[{"embeddable":true,"href":"http:\/\/desarrollo.grupomedios.com\/futbol\/wp-json\/wp\/v2\/users\/20"}],"replies":[{"embeddable":true,"href":"http:\/\/desarrollo.grupomedios.com\/futbol\/wp-json\/wp\/v2\/comments?post=448556"}],"version-history":[{"count":0,"href":"http:\/\/desarrollo.grupomedios.com\/futbol\/wp-json\/wp\/v2\/posts\/448556\/revisions"}],"wp:featuredmedia":[{"embeddable":true,"href":"http:\/\/desarrollo.grupomedios.com\/futbol\/wp-json\/wp\/v2\/media\/441284"}],"wp:attachment":[{"href":"http:\/\/desarrollo.grupomedios.com\/futbol\/wp-json\/wp\/v2\/media?parent=448556"}],"wp:term":[{"taxonomy":"category","embeddable":true,"href":"http:\/\/desarrollo.grupomedios.com\/futbol\/wp-json\/wp\/v2\/categories?post=448556"},{"taxonomy":"post_tag","embeddable":true,"href":"http:\/\/desarrollo.grupomedios.com\/futbol\/wp-json\/wp\/v2\/tags?post=448556"}],"curies":[{"name":"wp","href":"https:\/\/api.w.org\/{rel}","templated":true}]}}