{"id":448564,"date":"2016-12-12T14:19:04","date_gmt":"2016-12-12T20:19:04","guid":{"rendered":"https:\/\/www.futboltotal.com.mx\/?p=448564"},"modified":"2016-12-12T20:01:52","modified_gmt":"2016-12-13T02:01:52","slug":"atlas-ya-tendria-nuevo-refuerzo","status":"publish","type":"post","link":"http:\/\/desarrollo.grupomedios.com\/futbol\/futbol-mexicano\/atlas-ya-tendria-nuevo-refuerzo\/2016\/12","title":{"rendered":"Atlas ya tendr\u00eda nuevo refuerzo"},"content":{"rendered":"<p><span style=\"color: #000000;\"><a style=\"color: #000000;\" href=\"https:\/\/www.futboltotal.com.mx\/equipos\/atlas\/\" target=\"_blank\">Atlas<\/a><\/span>, ya comenz\u00f3 a hacer algunos movimientos en el mercado a unos d\u00edas de que se desarrolle el Draft del futbol mexicano. <strong>Mat\u00edas Alustiza<\/strong> era uno de los fichajes que buscaban los <em>Rojinegros<\/em> para la siguiente temporada.<\/p>\n<p>Desde Guadalajara se informa que <em>el Chavo<\/em>, firmar\u00eda por dos a\u00f1os con los<em> Zorros<\/em> y este martes se present\u00f3 a hacer los ex\u00e1menes f\u00edsicos correspondientes para poder llegar al <strong>Club Atlas<\/strong> proveniente de <strong>Puebla.<\/strong><\/p>\n<p style=\"text-align: center;\"><span style=\"color: #3366ff;\"><a style=\"color: #3366ff;\" href=\"https:\/\/www.futboltotal.com.mx\/2016\/12\/afirman-rodolfo-pizarro-confirmo-fichaje-chivas\/\" target=\"_blank\">LEER M\u00c1S: Rodolfo Pizarro confirm\u00f3 su fichaje con Chivas<\/a><\/span><\/p>\n<p><strong>Alustiza,<\/strong> est\u00e1 llegando a su tercer equipo en M\u00e9xico, luego de tener dos etapas con<em> la Franja<\/em> y estar por un torneo con <strong>Pachuca<\/strong>. Mat\u00edas es la nueva arma en el ataque de <strong>Jos\u00e9 Guadalupe Cruz<\/strong> y buscar\u00e1 hacer un buen papel con los Zorros a sus 32 a\u00f1os.<\/p>\n<blockquote class=\"twitter-tweet\" data-width=\"500\">\n<p lang=\"es\" dir=\"ltr\">Mat\u00edas Alustiza tras realizar las pruebas m\u00e9dicas y f\u00edsicas <a href=\"https:\/\/twitter.com\/hashtag\/Atlas?src=hash\">#Atlas<\/a> <a href=\"https:\/\/twitter.com\/NTRGuadalajara\">@NTRGuadalajara<\/a> <a href=\"https:\/\/t.co\/VlCiUaMfhS\">pic.twitter.com\/VlCiUaMfhS<\/a><\/p>\n<p>&mdash; Arturo Santillanes (@artusantillanes) <a href=\"https:\/\/twitter.com\/artusantillanes\/status\/808400254244556802\">December 12, 2016<\/a><\/p><\/blockquote>\n<p><script async src=\"\/\/platform.twitter.com\/widgets.js\" charset=\"utf-8\"><\/script><\/p>\n<p>S\u00edguenos en Twitter: <span style=\"color: #3366ff;\"><a style=\"color: #3366ff;\" href=\"https:\/\/twitter.com\/MXFutbolTotal\" target=\"_blank\">@MXFutbolTotal<\/a><\/span><\/p>\n","protected":false},"excerpt":{"rendered":"<p>Alustiza firmar\u00e1 contrato por dos a\u00f1os con los Rojinegros. <\/p>\n","protected":false},"author":20,"featured_media":448566,"comment_status":"closed","ping_status":"closed","sticky":false,"template":"","format":"standard","meta":[],"categories":[7740,2198,3845],"tags":[5961,4648,475,1965],"_links":{"self":[{"href":"http:\/\/desarrollo.grupomedios.com\/futbol\/wp-json\/wp\/v2\/posts\/448564"}],"collection":[{"href":"http:\/\/desarrollo.grupomedios.com\/futbol\/wp-json\/wp\/v2\/posts"}],"about":[{"href":"http:\/\/desarrollo.grupomedios.com\/futbol\/wp-json\/wp\/v2\/types\/post"}],"author":[{"embeddable":true,"href":"http:\/\/desarrollo.grupomedios.com\/futbol\/wp-json\/wp\/v2\/users\/20"}],"replies":[{"embeddable":true,"href":"http:\/\/desarrollo.grupomedios.com\/futbol\/wp-json\/wp\/v2\/comments?post=448564"}],"version-history":[{"count":0,"href":"http:\/\/desarrollo.grupomedios.com\/futbol\/wp-json\/wp\/v2\/posts\/448564\/revisions"}],"wp:featuredmedia":[{"embeddable":true,"href":"http:\/\/desarrollo.grupomedios.com\/futbol\/wp-json\/wp\/v2\/media\/448566"}],"wp:attachment":[{"href":"http:\/\/desarrollo.grupomedios.com\/futbol\/wp-json\/wp\/v2\/media?parent=448564"}],"wp:term":[{"taxonomy":"category","embeddable":true,"href":"http:\/\/desarrollo.grupomedios.com\/futbol\/wp-json\/wp\/v2\/categories?post=448564"},{"taxonomy":"post_tag","embeddable":true,"href":"http:\/\/desarrollo.grupomedios.com\/futbol\/wp-json\/wp\/v2\/tags?post=448564"}],"curies":[{"name":"wp","href":"https:\/\/api.w.org\/{rel}","templated":true}]}}