{"id":448576,"date":"2016-12-12T15:55:50","date_gmt":"2016-12-12T21:55:50","guid":{"rendered":"https:\/\/www.futboltotal.com.mx\/?p=448576"},"modified":"2016-12-12T16:17:20","modified_gmt":"2016-12-12T22:17:20","slug":"necaxa-nuevo-refuerzo-chileno","status":"publish","type":"post","link":"http:\/\/desarrollo.grupomedios.com\/futbol\/top-nacional-home\/necaxa-nuevo-refuerzo-chileno\/2016\/12","title":{"rendered":"Necaxa tiene nuevo refuerzo chileno"},"content":{"rendered":"<p><em>Los Rayos<\/em> acaban de incorporar a sus filas a un nuevo refuerzo sudamericano, <strong>Nicol\u00e1s Maturana<\/strong>, se vestir\u00e1 de rojiblanco la pr\u00f3xima temporada. El chileno viene procedente de la <strong>Universidad de Chile<\/strong>, mismo club con el que debut\u00f3 en 2011.<\/p>\n<p>El mediocampista llega a los <em>Rayos<\/em> como una de las futuras estrellas del futbol chileno, pues a sus 23 a\u00f1os se espera que alg\u00fan d\u00eda vista la camiseta de la <strong>Roja.\u00a0<\/strong><\/p>\n<p style=\"text-align: center;\"><span style=\"color: #3366ff;\"><a style=\"color: #3366ff;\" href=\"https:\/\/www.futboltotal.com.mx\/2016\/12\/jonathan-dos-santos-gol-villarrea-atletico-madrid\/\" target=\"_blank\">LEER M\u00c1S: Jona marca y Villarreal le le pega al Atl\u00e9tico de Madrid<\/a><\/span><\/p>\n<p>Entre los palmar\u00e9s de<strong> Maturana,<\/strong> dos ligas de Primera Divisi\u00f3n y dos Copas, adem\u00e1s de que ya sabe lo que se siente quedar campe\u00f3n de la Copa Sudamericana, pues en 2011 se alz\u00f3 con el t\u00edtulo con la U de Chile.<\/p>\n<p>Nico se suma a <strong>Edson Puch, Manuel Itura y Luis Gallegos<\/strong>, como los chilenos que visten la playera del Necaxa.<\/p>\n<blockquote class=\"twitter-tweet\" data-width=\"500\">\n<p lang=\"es\" dir=\"ltr\">.<a href=\"https:\/\/twitter.com\/ClubNecaxa\">@ClubNecaxa<\/a> informa que se ha llegado a un acuerdo con Nicol\u00e1s Maturana para formar parte de los Rayos a partir del 1 de enero <a href=\"https:\/\/twitter.com\/hashtag\/FuerzaRayos?src=hash\">#FuerzaRayos<\/a> <a href=\"https:\/\/t.co\/7C2Ou0BH4I\">pic.twitter.com\/7C2Ou0BH4I<\/a><\/p>\n<p>&mdash; Club Necaxa (@ClubNecaxa) <a href=\"https:\/\/twitter.com\/ClubNecaxa\/status\/808408975511355392\">December 12, 2016<\/a><\/p><\/blockquote>\n<p><script async src=\"\/\/platform.twitter.com\/widgets.js\" charset=\"utf-8\"><\/script><\/p>\n<p>S\u00edguenos en Twitter: <a href=\"https:\/\/twitter.com\/MXFutbolTotal\" target=\"_blank\">@MXFutbolTotal<\/a><\/p>\n","protected":false},"excerpt":{"rendered":"<p>El volante Nicol\u00e1s Maturana se incorporar\u00e1 el 1 de Enero a los Rayos. <\/p>\n","protected":false},"author":20,"featured_media":448583,"comment_status":"closed","ping_status":"closed","sticky":false,"template":"","format":"standard","meta":[],"categories":[7740,5950],"tags":[7732,4847,261],"_links":{"self":[{"href":"http:\/\/desarrollo.grupomedios.com\/futbol\/wp-json\/wp\/v2\/posts\/448576"}],"collection":[{"href":"http:\/\/desarrollo.grupomedios.com\/futbol\/wp-json\/wp\/v2\/posts"}],"about":[{"href":"http:\/\/desarrollo.grupomedios.com\/futbol\/wp-json\/wp\/v2\/types\/post"}],"author":[{"embeddable":true,"href":"http:\/\/desarrollo.grupomedios.com\/futbol\/wp-json\/wp\/v2\/users\/20"}],"replies":[{"embeddable":true,"href":"http:\/\/desarrollo.grupomedios.com\/futbol\/wp-json\/wp\/v2\/comments?post=448576"}],"version-history":[{"count":0,"href":"http:\/\/desarrollo.grupomedios.com\/futbol\/wp-json\/wp\/v2\/posts\/448576\/revisions"}],"wp:featuredmedia":[{"embeddable":true,"href":"http:\/\/desarrollo.grupomedios.com\/futbol\/wp-json\/wp\/v2\/media\/448583"}],"wp:attachment":[{"href":"http:\/\/desarrollo.grupomedios.com\/futbol\/wp-json\/wp\/v2\/media?parent=448576"}],"wp:term":[{"taxonomy":"category","embeddable":true,"href":"http:\/\/desarrollo.grupomedios.com\/futbol\/wp-json\/wp\/v2\/categories?post=448576"},{"taxonomy":"post_tag","embeddable":true,"href":"http:\/\/desarrollo.grupomedios.com\/futbol\/wp-json\/wp\/v2\/tags?post=448576"}],"curies":[{"name":"wp","href":"https:\/\/api.w.org\/{rel}","templated":true}]}}