{"id":448585,"date":"2016-12-19T07:00:42","date_gmt":"2016-12-19T13:00:42","guid":{"rendered":"https:\/\/www.futboltotal.com.mx\/?p=448585"},"modified":"2016-12-19T10:04:15","modified_gmt":"2016-12-19T16:04:15","slug":"donde-esta-chicharito-goleador","status":"publish","type":"post","link":"http:\/\/desarrollo.grupomedios.com\/futbol\/futbol-internacional\/donde-esta-chicharito-goleador\/2016\/12","title":{"rendered":"\u00bfD\u00f3nde est\u00e1 el Chicharito m\u00e1s goleador?"},"content":{"rendered":"<p>Hace una temporada, <strong>Chicharito\u00a0<\/strong>Hern\u00e1ndez acostumbr\u00f3 a la afici\u00f3n del Bayer Leverkusen y de M\u00e9xico a celebrar con efusividad en las gradas o frente al televisor en cada jornada. El mexicano lleg\u00f3 a encadenar hasta siete partidos con gol superando la marca del m\u00edtico Hugo S\u00e1nchez, quien en su etapa con el Real Madrid logr\u00f3 hacerlo en seis apariciones. Pero ahora la historia es distinta. Pese a que mantiene vor\u00e1gine y arrojo en cada partido, el bal\u00f3n no entra.<\/p>\n<p>Ya son 13 partidos con el Leverkusen en los que <strong>Chicharito\u00a0<\/strong>no logra perforar las redes. Y hay m\u00e1s tensi\u00f3n si se a\u00f1aden los dos duelos que jug\u00f3 en el arranque del Hexagonal Final, en los que no anot\u00f3 y aplaz\u00f3 erigirse m\u00e1ximo anotador de la Selecci\u00f3n Mexicana. El mexicano est\u00e1 falto de punter\u00eda y prueba de ello es que fall\u00f3 un penal ante Friburgo\u00a0la semana anterior. Pero tambi\u00e9n es cierto que no ha tenido suerte, aun cuando intenta clavar la pelota en el \u00e1ngulo. Un disparo a la horquilla que sac\u00f3 Morgan De Sanctis, arquero del M\u00f3naco, en el cruce ante Tottenham, lo confirman.<\/p>\n<p style=\"text-align: center;\"><span style=\"color: #3366ff;\">LEER M\u00c1S: Todas las noticias de futbol internacional<\/span><\/p>\n<p>[video_player]https:\/\/player.vimeo.com\/external\/195366420.hd.mp4?s=ddd833caf21ba5629cd4cfa6e9b88b787ec54c64&amp;profile_id=174[\/video_player]<\/p>\n<p>El pasado fin de semana,\u00a0<strong>Chicharito<\/strong> volvi\u00f3 a quedarse sin gol ante el Schalke. Fue un partido en el que el Bayer estuvo plagado de ausencias y donde el mexicano acab\u00f3 como un defensa m\u00e1s ante las constantes embestidas del rival. Los suyos se alzaron con la victoria, pero<em> CH7<\/em> lleg\u00f3 a poco m\u00e1s de mil minutos sin dar el grito que m\u00e1s le gusta y por el que se arrodilla en el medio campo y eleva plegarias antes de cada partido&#8230;<\/p>\n<p>El pr\u00f3ximo fin de semana los aficionados del club y de M\u00e9xico estar\u00e1n al filo de la butaca o enchufados a la pantalla. Se resisten a dejar de creer que el gol ha abandonado a <strong>Chicharito<\/strong>, tanto o m\u00e1s que el propio jugador, cuya garra ha demostrado a lo largo de su carrera es que tarde o temprano lo reencontrar\u00e1.\u00a0Quiz\u00e1 sea en la pr\u00f3xima jornada. Vuelve a medirse con el Ingolstadt, al que anot\u00f3 el \u00fanico gol en la victoria de las <em>Aspirinas<\/em> la pasada campa\u00f1a. \u00bfVolver\u00e1 el <em><b>CH7<\/b><\/em>\u00a0m\u00e1s goleador?<\/p>\n","protected":false},"excerpt":{"rendered":"<p>CH7 solo ha hecho siete goles, nueve menos de los que acumulaba hace un a\u00f1o.  <\/p>\n","protected":false},"author":20,"featured_media":448595,"comment_status":"closed","ping_status":"closed","sticky":false,"template":"","format":"standard","meta":[],"categories":[7570,3839,6822,6718],"tags":[4335,549],"_links":{"self":[{"href":"http:\/\/desarrollo.grupomedios.com\/futbol\/wp-json\/wp\/v2\/posts\/448585"}],"collection":[{"href":"http:\/\/desarrollo.grupomedios.com\/futbol\/wp-json\/wp\/v2\/posts"}],"about":[{"href":"http:\/\/desarrollo.grupomedios.com\/futbol\/wp-json\/wp\/v2\/types\/post"}],"author":[{"embeddable":true,"href":"http:\/\/desarrollo.grupomedios.com\/futbol\/wp-json\/wp\/v2\/users\/20"}],"replies":[{"embeddable":true,"href":"http:\/\/desarrollo.grupomedios.com\/futbol\/wp-json\/wp\/v2\/comments?post=448585"}],"version-history":[{"count":0,"href":"http:\/\/desarrollo.grupomedios.com\/futbol\/wp-json\/wp\/v2\/posts\/448585\/revisions"}],"wp:featuredmedia":[{"embeddable":true,"href":"http:\/\/desarrollo.grupomedios.com\/futbol\/wp-json\/wp\/v2\/media\/448595"}],"wp:attachment":[{"href":"http:\/\/desarrollo.grupomedios.com\/futbol\/wp-json\/wp\/v2\/media?parent=448585"}],"wp:term":[{"taxonomy":"category","embeddable":true,"href":"http:\/\/desarrollo.grupomedios.com\/futbol\/wp-json\/wp\/v2\/categories?post=448585"},{"taxonomy":"post_tag","embeddable":true,"href":"http:\/\/desarrollo.grupomedios.com\/futbol\/wp-json\/wp\/v2\/tags?post=448585"}],"curies":[{"name":"wp","href":"https:\/\/api.w.org\/{rel}","templated":true}]}}