{"id":448597,"date":"2016-12-12T18:45:46","date_gmt":"2016-12-13T00:45:46","guid":{"rendered":"https:\/\/www.futboltotal.com.mx\/?p=448597"},"modified":"2016-12-13T10:49:46","modified_gmt":"2016-12-13T16:49:46","slug":"tono-rodriguez-saldria-chivas","status":"publish","type":"post","link":"http:\/\/desarrollo.grupomedios.com\/futbol\/destacado-home\/tono-rodriguez-saldria-chivas\/2016\/12","title":{"rendered":"Chivas negocia la salida de To\u00f1o Rodr\u00edguez"},"content":{"rendered":"<p>El arquero<strong> Antonio Rodr\u00edguez\u00a0<\/strong>no tiene garantizada la continuidad en<strong> Chivas<\/strong> para el pr\u00f3ximo semestre. Y es que a unos d\u00edas de que se lleve a cabo el R\u00e9gimen de Transferencias del Clausura 2017, el <em>Reba\u00f1o<\/em> ha comenzado a negociar su traspaso al Pachuca.<\/p>\n<p>Aunque la directiva tapat\u00eda contemplaba a principios de este mes la permanencia de Rodr\u00edguez (despu\u00e9s de que tap\u00f3 un penal al Am\u00e9rica y catapult\u00f3 al <em>Reba\u00f1o<\/em> a la final de Copa), ahora su futuro est\u00e1 en el aire, toda vez que no entrar\u00eda en planes del entrenador Mat\u00edas Almeyda y el club le busca acomodo sin que el arquero tenga conocimiento.<\/p>\n<p style=\"text-align: center;\"><a href=\"https:\/\/www.futboltotal.com.mx\/futbol-mexicano\/\"><span style=\"color: #3366ff;\">LEER M\u00c1S: Futbol de Estufa de cara al Clausura 2017<\/span><\/a><\/p>\n<p style=\"text-align: left;\">Seg\u00fan revela este lunes el sitio<em> mediotiempo.com, &#8220;<\/em>una fuente allegada a la familia del futbolista&#8221; confirm\u00f3 que &#8220;nadie de la directiva se le ha acercado para informarle de la negociaci\u00f3n&#8221;.<\/p>\n<p style=\"text-align: left;\">El Guadalajara tiene como prioridad mantener a Rodolfo Cota, quien estuvo cedido por tercer torneo consecutivo. Adem\u00e1s de hacerse de los servicios de Rodolfo Pizarro, por lo que buscar\u00edan cederlo por un a\u00f1o, sin opci\u00f3n a compra. Eso s\u00ed, no llegar\u00eda a Pachuca, sino al Le\u00f3n, y ser\u00eda hasta el Apertura2017 cuando podr\u00eda llegar a <em>Tuzos,<\/em> apunta por su parte <em>ESPN.<\/em><\/p>\n<p style=\"text-align: left;\">Rodr\u00edguez, quien descart\u00f3 la posibilidad de ir a Santos Laguna tras ser campe\u00f3n de Copa MX con el <em>Reba\u00f1o<\/em>, report\u00f3 este d\u00eda en Verde Valle para presentar pruebas m\u00e9dicas antes de viajar a la pretemporada con el club en Canc\u00fan. Su futuro se definir\u00e1 en los pr\u00f3ximos d\u00edas.<\/p>\n<p style=\"text-align: left;\">\n","protected":false},"excerpt":{"rendered":"<p>El club se decanta por Rodolfo Cota y le busca acomodo a su h\u00e9roe de la final copera.<\/p>\n","protected":false},"author":20,"featured_media":448598,"comment_status":"closed","ping_status":"closed","sticky":false,"template":"","format":"standard","meta":[],"categories":[5,7740,2198,3845],"tags":[70,5968,7796],"_links":{"self":[{"href":"http:\/\/desarrollo.grupomedios.com\/futbol\/wp-json\/wp\/v2\/posts\/448597"}],"collection":[{"href":"http:\/\/desarrollo.grupomedios.com\/futbol\/wp-json\/wp\/v2\/posts"}],"about":[{"href":"http:\/\/desarrollo.grupomedios.com\/futbol\/wp-json\/wp\/v2\/types\/post"}],"author":[{"embeddable":true,"href":"http:\/\/desarrollo.grupomedios.com\/futbol\/wp-json\/wp\/v2\/users\/20"}],"replies":[{"embeddable":true,"href":"http:\/\/desarrollo.grupomedios.com\/futbol\/wp-json\/wp\/v2\/comments?post=448597"}],"version-history":[{"count":0,"href":"http:\/\/desarrollo.grupomedios.com\/futbol\/wp-json\/wp\/v2\/posts\/448597\/revisions"}],"wp:featuredmedia":[{"embeddable":true,"href":"http:\/\/desarrollo.grupomedios.com\/futbol\/wp-json\/wp\/v2\/media\/448598"}],"wp:attachment":[{"href":"http:\/\/desarrollo.grupomedios.com\/futbol\/wp-json\/wp\/v2\/media?parent=448597"}],"wp:term":[{"taxonomy":"category","embeddable":true,"href":"http:\/\/desarrollo.grupomedios.com\/futbol\/wp-json\/wp\/v2\/categories?post=448597"},{"taxonomy":"post_tag","embeddable":true,"href":"http:\/\/desarrollo.grupomedios.com\/futbol\/wp-json\/wp\/v2\/tags?post=448597"}],"curies":[{"name":"wp","href":"https:\/\/api.w.org\/{rel}","templated":true}]}}