{"id":448627,"date":"2016-12-12T21:30:23","date_gmt":"2016-12-13T03:30:23","guid":{"rendered":"https:\/\/www.futboltotal.com.mx\/?p=448627"},"modified":"2016-12-13T11:07:26","modified_gmt":"2016-12-13T17:07:26","slug":"oficial-rodolfo-pizarro-refuerzo-chivas","status":"publish","type":"post","link":"http:\/\/desarrollo.grupomedios.com\/futbol\/futbol-mexicano\/oficial-rodolfo-pizarro-refuerzo-chivas\/2016\/12","title":{"rendered":"OFICIAL: Rodolfo Pizarro, refuerzo de Chivas"},"content":{"rendered":"<p>Las <strong>Chivas<\/strong> del Guadalajara tienen su primer refuerzo para el Clausura 2017. La noche de este lunes confirmaron que el mediocampista <strong>Rodolfo Pizarro<\/strong>\u00a0defender\u00e1 la camiseta <em>rojiblanca<\/em> a partir del pr\u00f3ximo semestre.<\/p>\n<p>A trav\u00e9s de su cuenta de <em>twitter<\/em>, el club anunci\u00f3 la llegada del volante ofensivo de 22 a\u00f1os, quien fue adquirido en compra definitiva, y le dio una bienvenida dese\u00e1ndole \u00e9xito: &#8220;\u00a1A darlo todo, Pizarrot! #UnidosSomosCA3RONES&#8221;.<\/p>\n<p style=\"text-align: center;\"><a href=\"https:\/\/www.futboltotal.com.mx\/2016\/12\/tono-rodriguez-saldria-chivas\/\"><span style=\"color: #3366ff;\">LEER M\u00c1S: To\u00f1o Rodr\u00edguez podr\u00eda salir de Chivas\u00a0<\/span><\/a><\/p>\n<blockquote class=\"twitter-tweet\" data-lang=\"es\">\n<p dir=\"ltr\" lang=\"es\">Aqu\u00ed jugar\u00e1s con <a href=\"https:\/\/twitter.com\/hashtag\/PuroMexicano?src=hash\">#PuroMexicano<\/a> y 40 millones de ChivaHermanos a tu lado. &#x1f44f;&#x1f44f; \u00a1A darlo todo, <a href=\"https:\/\/twitter.com\/Rpizarrot\">@Rpizarrot<\/a>! <a href=\"https:\/\/twitter.com\/hashtag\/UnidosSomosCA3RONES?src=hash\">#UnidosSomosCA3RONES<\/a> &#x1f535;\u26aa\ufe0f&#x1f534; <a href=\"https:\/\/t.co\/uW2h5aXlv0\">pic.twitter.com\/uW2h5aXlv0<\/a><\/p>\n<p>\u2014 CHIVAS (@Chivas) <a href=\"https:\/\/twitter.com\/Chivas\/status\/808510639283011584\">13 de diciembre de 2016<\/a><\/p><\/blockquote>\n<p><script async src=\"\/\/platform.twitter.com\/widgets.js\" charset=\"utf-8\"><\/script><\/p>\n<p><strong>Pizarro<\/strong>, de 22 a\u00f1os, llega al <em>Reba\u00f1o\u00a0<\/em>despu\u00e9s de pasar cuatro a\u00f1os con el cuadro hidalguense, donde fue a la alza tras debutar con el primer equipo en el Apertura 2012 y erigirse como uno de los mejores volantes ofensivos de la actualidad. Su mejor momento lo vivi\u00f3 en el pasado semestre, cuando logr\u00f3 su primer t\u00edtulo de liga con <strong>Pachuca<\/strong>\u00a0-tras perder una Final en el Clausura 2014 a manos del Le\u00f3n- marcando cinco goles, su mejor cuota hasta hoy.<\/p>\n<p><strong>Pizarro<\/strong> jugar\u00e1 con<strong> Chivas<\/strong> despu\u00e9s de un complicado Apertura 2016, en el que solo tuvo actividad en cinco partidos debido a una fractura de tobillo que sufri\u00f3 en los Juegos Ol\u00edmpicos de R\u00edo 2016.<\/p>\n<p>Asimismo las <strong>Chivas<\/strong> confirmaron que alcanzaron un acuerdo con los <em>Tuzos\u00a0<\/em>para traspasar definitivamente al mediapunta V\u00edctor Guzm\u00e1n, quien fue el h\u00e9roe que anot\u00f3 el gol que coron\u00f3 al cuadro de Diego Alonso campe\u00f3n del Clausura 2016.<\/p>\n","protected":false},"excerpt":{"rendered":"<p>El mediocampista es la primera incorporaci\u00f3n de Chivas para el Clausura 2017.<\/p>\n","protected":false},"author":20,"featured_media":448628,"comment_status":"closed","ping_status":"closed","sticky":false,"template":"","format":"standard","meta":[],"categories":[7740,2198,3845,5950],"tags":[70,4908],"_links":{"self":[{"href":"http:\/\/desarrollo.grupomedios.com\/futbol\/wp-json\/wp\/v2\/posts\/448627"}],"collection":[{"href":"http:\/\/desarrollo.grupomedios.com\/futbol\/wp-json\/wp\/v2\/posts"}],"about":[{"href":"http:\/\/desarrollo.grupomedios.com\/futbol\/wp-json\/wp\/v2\/types\/post"}],"author":[{"embeddable":true,"href":"http:\/\/desarrollo.grupomedios.com\/futbol\/wp-json\/wp\/v2\/users\/20"}],"replies":[{"embeddable":true,"href":"http:\/\/desarrollo.grupomedios.com\/futbol\/wp-json\/wp\/v2\/comments?post=448627"}],"version-history":[{"count":0,"href":"http:\/\/desarrollo.grupomedios.com\/futbol\/wp-json\/wp\/v2\/posts\/448627\/revisions"}],"wp:featuredmedia":[{"embeddable":true,"href":"http:\/\/desarrollo.grupomedios.com\/futbol\/wp-json\/wp\/v2\/media\/448628"}],"wp:attachment":[{"href":"http:\/\/desarrollo.grupomedios.com\/futbol\/wp-json\/wp\/v2\/media?parent=448627"}],"wp:term":[{"taxonomy":"category","embeddable":true,"href":"http:\/\/desarrollo.grupomedios.com\/futbol\/wp-json\/wp\/v2\/categories?post=448627"},{"taxonomy":"post_tag","embeddable":true,"href":"http:\/\/desarrollo.grupomedios.com\/futbol\/wp-json\/wp\/v2\/tags?post=448627"}],"curies":[{"name":"wp","href":"https:\/\/api.w.org\/{rel}","templated":true}]}}