{"id":448642,"date":"2016-12-13T09:12:39","date_gmt":"2016-12-13T15:12:39","guid":{"rendered":"https:\/\/www.futboltotal.com.mx\/?p=448642"},"modified":"2016-12-13T09:12:39","modified_gmt":"2016-12-13T15:12:39","slug":"william-da-silva-jueves-zidane-conocera-america","status":"publish","type":"post","link":"http:\/\/desarrollo.grupomedios.com\/futbol\/destacado-home\/william-da-silva-jueves-zidane-conocera-america\/2016\/12","title":{"rendered":"William Da Silva: &#8220;El jueves Zidane conocer\u00e1 al Am\u00e9rica&#8221;"},"content":{"rendered":"<p>POR: <a href=\"http:\/\/pressportmx.com\/\">PRESSPORT<\/a><\/p>\n<p>En el Am\u00e9rica ya conocen las declaraciones en las que el\u00a0Director T\u00e9cnico del <strong>Real Madrid<\/strong>, <strong>Zinedine Zidane<\/strong>, asegur\u00f3 no conocer al <a href=\"https:\/\/www.futboltotal.com.mx\/equipos\/america\">Club\u00a0Am\u00e9rica<\/a>, y fue el brasile\u00f1o William Da Silva, el encargado de responder a los <em>Merengues <\/em>de cara a su duelo de semifinales en el <strong>Mundial de Clubes 2016.<\/strong><\/p>\n<p>&#8220;No somos un equipo de la Liga espa\u00f1ola o de la Champions League, pero\u00a0igual respeto su opini\u00f3n y no me sorprende porque est\u00e1 diciendo la verdad. Pero\u00a0nos vamos a dar a conocer el jueves as\u00ed que tenemos que hacer bien las\u00a0cosas&#8221;, apunt\u00f3.<\/p>\n<p>Asimismo destac\u00f3 las cualidades de su equipo y afirm\u00f3 que las posibilidades de\u00a0vencer al Madrid son verdaderas.<\/p>\n<blockquote class=\"twitter-tweet\" data-width=\"500\">\n<p lang=\"es\" dir=\"ltr\">Dirigiendo la pr\u00e1ctica nuestro t\u00e9cnico <a href=\"https:\/\/twitter.com\/RicardoLaVolpeG\">@RicardoLaVolpeG<\/a> <a href=\"https:\/\/twitter.com\/hashtag\/Mitsuzawa?src=hash\">#Mitsuzawa<\/a> <a href=\"https:\/\/twitter.com\/hashtag\/%C3%81guilasEnJap%C3%B3n?src=hash\">#\u00c1guilasEnJap\u00f3n<\/a> <a href=\"https:\/\/twitter.com\/hashtag\/VamosAm%C3%A9rica?src=hash\">#VamosAm\u00e9rica<\/a> <a href=\"https:\/\/t.co\/AX5KTjjQEn\">pic.twitter.com\/AX5KTjjQEn<\/a><\/p>\n<p>&mdash; Club Am\u00e9rica (@ClubAmerica) <a href=\"https:\/\/twitter.com\/ClubAmerica\/status\/808517266752974848\">December 13, 2016<\/a><\/p><\/blockquote>\n<p><script async src=\"\/\/platform.twitter.com\/widgets.js\" charset=\"utf-8\"><\/script><\/p>\n<p>&#8220;Sabemos que nombre por nombre tienen una historia m\u00e1s grande que nosotros,\u00a0pero representamos al <strong>Am\u00e9rica<\/strong>, a M\u00e9xico y tenemos que hacer lo mejor&#8221;,\u00a0mencion\u00f3 el &#8216;7&#8217; americanista, quien agreg\u00f3 que dentro del terreno de juego,\u00a0ambos equipos estar\u00e1n en igualdad de condiciones.<\/p>\n<p>&#8220;Yo creo que ya se fue el tiempo en el que se ganaba con la playera, los\u00a0jugadores son los que hacen la diferencia en la cancha y tenemos equipo para\u00a0esto, va a estar muy complicado, somos 11 contra 11 y si dejamos todo en la\u00a0cancha es probable que saquemos el resultado&#8221;.<\/p>\n<p>https:\/\/twitter.com\/realmadrid\/status\/808612266165747712<\/p>\n<p>Por \u00faltimo se\u00f1al\u00f3 que el juego del jueves es el partido del Centenario que\u00a0todos estaban esperando, tanto jugadores como afici\u00f3n: &#8220;Ah\u00ed est\u00e1 el\u00a0partido y no se dio porque nos lo regalaron, al contrario luchamos mucho para\u00a0estar ac\u00e1, jugamos una Final\u201d.<\/p>\n<p><a href=\"https:\/\/www.futboltotal.com.mx\/2016\/12\/zidane-no-conocia-america-ya-estudiamos\/\">LEER M\u00c1S: ZIDANE: &#8220;NO CONOC\u00cdA AL AM\u00c9RICA, PERO YA LO ESTUDIAMOS&#8221;<\/a><\/p>\n","protected":false},"excerpt":{"rendered":"<p>El brasile\u00f1o William Da Silva fue el encargado de &#8216;responder&#8217; a los Merengues.<\/p>\n","protected":false},"author":20,"featured_media":448643,"comment_status":"closed","ping_status":"closed","sticky":false,"template":"","format":"standard","meta":[],"categories":[5,3839,2198],"tags":[1585,5959,91,415,5988,7797,2943,2215,7750],"_links":{"self":[{"href":"http:\/\/desarrollo.grupomedios.com\/futbol\/wp-json\/wp\/v2\/posts\/448642"}],"collection":[{"href":"http:\/\/desarrollo.grupomedios.com\/futbol\/wp-json\/wp\/v2\/posts"}],"about":[{"href":"http:\/\/desarrollo.grupomedios.com\/futbol\/wp-json\/wp\/v2\/types\/post"}],"author":[{"embeddable":true,"href":"http:\/\/desarrollo.grupomedios.com\/futbol\/wp-json\/wp\/v2\/users\/20"}],"replies":[{"embeddable":true,"href":"http:\/\/desarrollo.grupomedios.com\/futbol\/wp-json\/wp\/v2\/comments?post=448642"}],"version-history":[{"count":0,"href":"http:\/\/desarrollo.grupomedios.com\/futbol\/wp-json\/wp\/v2\/posts\/448642\/revisions"}],"wp:featuredmedia":[{"embeddable":true,"href":"http:\/\/desarrollo.grupomedios.com\/futbol\/wp-json\/wp\/v2\/media\/448643"}],"wp:attachment":[{"href":"http:\/\/desarrollo.grupomedios.com\/futbol\/wp-json\/wp\/v2\/media?parent=448642"}],"wp:term":[{"taxonomy":"category","embeddable":true,"href":"http:\/\/desarrollo.grupomedios.com\/futbol\/wp-json\/wp\/v2\/categories?post=448642"},{"taxonomy":"post_tag","embeddable":true,"href":"http:\/\/desarrollo.grupomedios.com\/futbol\/wp-json\/wp\/v2\/tags?post=448642"}],"curies":[{"name":"wp","href":"https:\/\/api.w.org\/{rel}","templated":true}]}}