{"id":448646,"date":"2016-12-13T09:26:07","date_gmt":"2016-12-13T15:26:07","guid":{"rendered":"https:\/\/www.futboltotal.com.mx\/?p=448646"},"modified":"2016-12-13T09:26:07","modified_gmt":"2016-12-13T15:26:07","slug":"america-no-da-pistas-real-madrid-ibarra-sambueza-recuperados","status":"publish","type":"post","link":"http:\/\/desarrollo.grupomedios.com\/futbol\/futbol-internacional\/america-no-da-pistas-real-madrid-ibarra-sambueza-recuperados\/2016\/12","title":{"rendered":"Am\u00e9rica no da pistas al Madrid; Ibarra y Sambueza recuperados"},"content":{"rendered":"<p>POR: <a href=\"http:\/\/pressportmx.com\/\">PRESSPORT<\/a><\/p>\n<p><span class=\"m_-7534602867941499648gmail_msg\">El <a href=\"https:\/\/www.futboltotal.com.mx\/equipos\/america\/\">Am\u00e9rica<\/a> ya se alista para enfrentar al <strong>Real Madrid<\/strong> este jueves a las 19:30 de Jap\u00f3n (4:30 horas del centro de M\u00e9xico) en las semifinales del <strong>Mundial de Clubes 2016<\/strong>, y para muestra de la importancia que el conjunto mexicano le da a su enfrentamiento contra el actual campe\u00f3n de Europa, el entrenamiento fue a puerta cerrada, \u00fanicamente con entrada a los medios de comunicaci\u00f3n durante sus preparativos para entrar a la cancha.<\/span><br class=\"m_-7534602867941499648gmail_msg\" \/><br class=\"m_-7534602867941499648gmail_msg\" \/><span class=\"m_-7534602867941499648gmail_msg\">El capit\u00e1n de los &#8216;azulcremas&#8217;, <strong>Rubens Sambueza<\/strong>, se encuentra totalmente recuperado y a \u00e9l se suma <strong>Renato Ibarra<\/strong>, quien complet\u00f3 su recuperaci\u00f3n de manera satisfactoria. Es por esto que que el entrenador <strong>Ricardo La Volpe<\/strong>, cuenta con plantel completo para verse las caras con el Madrid.<\/span><\/p>\n<p>&nbsp;<\/p>\n<blockquote class=\"twitter-tweet\" data-lang=\"es\">\n<p dir=\"ltr\" lang=\"es\"><a href=\"https:\/\/twitter.com\/hashtag\/Entrenamiento%C3%81guilas?src=hash\">#Entrenamiento\u00c1guilas<\/a> Nuestros jugadores realizan trabajo de calentamiento <a href=\"https:\/\/twitter.com\/hashtag\/Mitsuzawa?src=hash\">#Mitsuzawa<\/a> <a href=\"https:\/\/twitter.com\/hashtag\/%C3%81guilasEnJap%C3%B3n?src=hash\">#\u00c1guilasEnJap\u00f3n<\/a> <a href=\"https:\/\/t.co\/nbA2LpiYSu\">pic.twitter.com\/nbA2LpiYSu<\/a><\/p>\n<p>\u2014 Club Am\u00e9rica (@ClubAmerica) <a href=\"https:\/\/twitter.com\/ClubAmerica\/status\/808504232152166404\">13 de diciembre de 2016<\/a><\/p><\/blockquote>\n<p><script async src=\"\/\/platform.twitter.com\/widgets.js\" charset=\"utf-8\"><\/script><\/p>\n<p><span class=\"m_-7534602867941499648gmail_msg\">Aunque el argentino no ha hecho declaraciones, trasciende que buscar\u00eda hacer un par de cambios respecto al once que venci\u00f3 al Jeonbuk y ser\u00edan las salidas de Edson \u00c1lvarez y Osvaldo Mart\u00ednez, por los recuperados Sambueza e Ibarra, pasando as\u00ed a formar con cuatro defensores en vez de tres.<\/span><\/p>\n<p><a href=\"https:\/\/www.futboltotal.com.mx\/2016\/12\/william-da-silva-jueves-zidane-conocera-america\/\">LEER M\u00c1S: WILLIAM DA SILVA: &#8220;EL JUEVES ZIDANE CONOCER\u00c1 AL AM\u00c9RICA&#8221;<\/a><\/p>\n","protected":false},"excerpt":{"rendered":"<p>Se dice que La Volpe har\u00eda un par de cambios respecto al 11 ante el Jeonbuk.<\/p>\n","protected":false},"author":20,"featured_media":428542,"comment_status":"closed","ping_status":"closed","sticky":false,"template":"","format":"standard","meta":[],"categories":[3839,5951],"tags":[1585,5959,91,415,5988,7468,808,6583],"_links":{"self":[{"href":"http:\/\/desarrollo.grupomedios.com\/futbol\/wp-json\/wp\/v2\/posts\/448646"}],"collection":[{"href":"http:\/\/desarrollo.grupomedios.com\/futbol\/wp-json\/wp\/v2\/posts"}],"about":[{"href":"http:\/\/desarrollo.grupomedios.com\/futbol\/wp-json\/wp\/v2\/types\/post"}],"author":[{"embeddable":true,"href":"http:\/\/desarrollo.grupomedios.com\/futbol\/wp-json\/wp\/v2\/users\/20"}],"replies":[{"embeddable":true,"href":"http:\/\/desarrollo.grupomedios.com\/futbol\/wp-json\/wp\/v2\/comments?post=448646"}],"version-history":[{"count":0,"href":"http:\/\/desarrollo.grupomedios.com\/futbol\/wp-json\/wp\/v2\/posts\/448646\/revisions"}],"wp:featuredmedia":[{"embeddable":true,"href":"http:\/\/desarrollo.grupomedios.com\/futbol\/wp-json\/wp\/v2\/media\/428542"}],"wp:attachment":[{"href":"http:\/\/desarrollo.grupomedios.com\/futbol\/wp-json\/wp\/v2\/media?parent=448646"}],"wp:term":[{"taxonomy":"category","embeddable":true,"href":"http:\/\/desarrollo.grupomedios.com\/futbol\/wp-json\/wp\/v2\/categories?post=448646"},{"taxonomy":"post_tag","embeddable":true,"href":"http:\/\/desarrollo.grupomedios.com\/futbol\/wp-json\/wp\/v2\/tags?post=448646"}],"curies":[{"name":"wp","href":"https:\/\/api.w.org\/{rel}","templated":true}]}}