{"id":448653,"date":"2016-12-13T09:20:58","date_gmt":"2016-12-13T15:20:58","guid":{"rendered":"https:\/\/www.futboltotal.com.mx\/?p=448653"},"modified":"2016-12-13T09:45:09","modified_gmt":"2016-12-13T15:45:09","slug":"real-madrid-prepara-duelo-vs-america-sin-sergio-ramos","status":"publish","type":"post","link":"http:\/\/desarrollo.grupomedios.com\/futbol\/futbol-mexicano\/real-madrid-prepara-duelo-vs-america-sin-sergio-ramos\/2016\/12","title":{"rendered":"Real Madrid prepara duelo ante el Am\u00e9rica a\u00fan sin Sergio Ramos"},"content":{"rendered":"<p>POR: <a href=\"http:\/\/pressportmx.com\/\">PRESSPORT<\/a><\/p>\n<p>El <strong>Real Madrid<\/strong> de Zinedine Zidane, tuvo su\u00a0segundo entrenamiento de cara al duelo ante <a href=\"https:\/\/www.futboltotal.com.mx\/equipos\/america\/\">Am\u00e9rica<\/a> en las Semifinales de la\u00a0<strong>Copa Mundial de Clubes<\/strong> de la FIFA 2016.<\/p>\n<p>Para este d\u00eda, el estratega madridista\u00a0abri\u00f3 el entrenamiento a la prensa apenas unos 15 minutos y despu\u00e9s se encerr\u00f3\u00a0para trabajar la t\u00e1ctica que usara ante los americanistas.<\/p>\n<p><a href=\"https:\/\/www.futboltotal.com.mx\/2016\/12\/william-da-silva-jueves-zidane-conocera-america\/\">LEER M\u00c1S: WILLIAM DA SILVA: &#8220;EL JUEVES ZIDANE CONOCER\u00c1 AL AM\u00c9RICA&#8221;<\/a><\/p>\n<p>Afuera, cientos de seguidores japoneses esperaron al cuadro\u00a0merengue por horas, para un aut\u00f3grafo o una foto. Su hotel tambi\u00e9n ha estado\u00a0repleto de aficionados, por lo que la seguridad ha sido m\u00e1xima para evitar\u00a0altercados que desconcentren a la escuadra blanca.<\/p>\n<p>Por segundo d\u00eda consecutivo, Sergio Ramos no entren\u00f3 con sus\u00a0compa\u00f1eros debido a la fatiga muscular que no lo dej\u00f3 entrenar tampoco ayer.\u00a0A\u00fan as\u00ed, no est\u00e1 en duda para jugar el duelo ante el cuadro mexicano.<\/p>\n<p>https:\/\/twitter.com\/realmadrid\/status\/808594581424115712<\/p>\n","protected":false},"excerpt":{"rendered":"<p>El estratega madridista trabaj\u00f3 la t\u00e1ctica que usara ante los americanistas.<\/p>\n","protected":false},"author":20,"featured_media":448656,"comment_status":"closed","ping_status":"closed","sticky":false,"template":"","format":"standard","meta":[],"categories":[3839,2198,5951],"tags":[1585,5959,91,415,5988,6020],"_links":{"self":[{"href":"http:\/\/desarrollo.grupomedios.com\/futbol\/wp-json\/wp\/v2\/posts\/448653"}],"collection":[{"href":"http:\/\/desarrollo.grupomedios.com\/futbol\/wp-json\/wp\/v2\/posts"}],"about":[{"href":"http:\/\/desarrollo.grupomedios.com\/futbol\/wp-json\/wp\/v2\/types\/post"}],"author":[{"embeddable":true,"href":"http:\/\/desarrollo.grupomedios.com\/futbol\/wp-json\/wp\/v2\/users\/20"}],"replies":[{"embeddable":true,"href":"http:\/\/desarrollo.grupomedios.com\/futbol\/wp-json\/wp\/v2\/comments?post=448653"}],"version-history":[{"count":0,"href":"http:\/\/desarrollo.grupomedios.com\/futbol\/wp-json\/wp\/v2\/posts\/448653\/revisions"}],"wp:featuredmedia":[{"embeddable":true,"href":"http:\/\/desarrollo.grupomedios.com\/futbol\/wp-json\/wp\/v2\/media\/448656"}],"wp:attachment":[{"href":"http:\/\/desarrollo.grupomedios.com\/futbol\/wp-json\/wp\/v2\/media?parent=448653"}],"wp:term":[{"taxonomy":"category","embeddable":true,"href":"http:\/\/desarrollo.grupomedios.com\/futbol\/wp-json\/wp\/v2\/categories?post=448653"},{"taxonomy":"post_tag","embeddable":true,"href":"http:\/\/desarrollo.grupomedios.com\/futbol\/wp-json\/wp\/v2\/tags?post=448653"}],"curies":[{"name":"wp","href":"https:\/\/api.w.org\/{rel}","templated":true}]}}