{"id":448659,"date":"2016-12-13T09:48:28","date_gmt":"2016-12-13T15:48:28","guid":{"rendered":"https:\/\/www.futboltotal.com.mx\/?p=448659"},"modified":"2016-12-13T15:16:18","modified_gmt":"2016-12-13T21:16:18","slug":"vengo-a-prometer-sino-a-trabajar-matias-alustiza","status":"publish","type":"post","link":"http:\/\/desarrollo.grupomedios.com\/futbol\/futbol-mexicano\/vengo-a-prometer-sino-a-trabajar-matias-alustiza\/2016\/12","title":{"rendered":"\u201cNo vengo a prometer sino a trabajar\u201d: Mat\u00edas Alustiza"},"content":{"rendered":"<p>En conferencia de prensa al lado del vicepresidente y del estratega de <em>la Academia<\/em>, el delantero argentino, <strong>Mat\u00edas Alustiza<\/strong>, fue presentado de forma oficial, como refuerzo del <a href=\"http:\/\/www.futboltotal.com.mx\/equipos\/atlas\/\" target=\"_blank\">Atlas<\/a> de cara al Clausura 2017. El ariete afirma que llega en buen momento al conjunto <em>rojinegro<\/em> y que trabajar\u00e1 duro con y para el club.<\/p>\n<p>https:\/\/twitter.com\/atlasfc\/status\/808691479615045632<\/p>\n<p>\u201cNo vengo a prometer ser el goleador, ni a decir que voy a hacer 15 goles. Vengo a sumar, trabajar en el d\u00eda a d\u00eda. Estoy en mi mejor momento, estoy muy feliz por llegar al <strong>Atlas<\/strong>\u201d, fueron las palabras del nuevo delantero del club jalisciense.<\/p>\n<p style=\"text-align: center;\"><span style=\"color: #3366ff;\"><a style=\"color: #3366ff;\" href=\"https:\/\/www.futboltotal.com.mx\/2016\/12\/futbol-estufa-rumbo-clausura-2017-liga-mx\/\" target=\"_blank\"><strong>LEER M\u00c1S: Futbol de Estufa rumbo al Clausura 2017<\/strong><\/a><\/span><\/p>\n<p>Tengo la ilusi\u00f3n y las ganas de seguir creciendo, hoy tengo esta oportunidad muy linda. Mi historia con <strong>Atlas<\/strong> empieza hoy, comienza un nuevo camino en mi carrera&#8221;, agreg\u00f3 el delantero que fue presentado en compa\u00f1\u00eda del viceprecidente deportivo del club, Alberto de la Torre, y el estratega, Jos\u00e9 Guadalupe Cruz.<\/p>\n<p>https:\/\/twitter.com\/atlasfc\/status\/808692612710465536<\/p>\n<p><strong>S\u00edguenos en Twitter:<\/strong> <a href=\"https:\/\/twitter.com\/MXFutbolTotal\" target=\"_blank\">@MXFutbolTotal<\/a><\/p>\n","protected":false},"excerpt":{"rendered":"<p>El Chavo es presentado oficialmente como refuerzo rojinegro.<\/p>\n","protected":false},"author":20,"featured_media":448671,"comment_status":"closed","ping_status":"closed","sticky":false,"template":"","format":"standard","meta":[],"categories":[7740,2198,3845,5950],"tags":[5961,710],"_links":{"self":[{"href":"http:\/\/desarrollo.grupomedios.com\/futbol\/wp-json\/wp\/v2\/posts\/448659"}],"collection":[{"href":"http:\/\/desarrollo.grupomedios.com\/futbol\/wp-json\/wp\/v2\/posts"}],"about":[{"href":"http:\/\/desarrollo.grupomedios.com\/futbol\/wp-json\/wp\/v2\/types\/post"}],"author":[{"embeddable":true,"href":"http:\/\/desarrollo.grupomedios.com\/futbol\/wp-json\/wp\/v2\/users\/20"}],"replies":[{"embeddable":true,"href":"http:\/\/desarrollo.grupomedios.com\/futbol\/wp-json\/wp\/v2\/comments?post=448659"}],"version-history":[{"count":0,"href":"http:\/\/desarrollo.grupomedios.com\/futbol\/wp-json\/wp\/v2\/posts\/448659\/revisions"}],"wp:featuredmedia":[{"embeddable":true,"href":"http:\/\/desarrollo.grupomedios.com\/futbol\/wp-json\/wp\/v2\/media\/448671"}],"wp:attachment":[{"href":"http:\/\/desarrollo.grupomedios.com\/futbol\/wp-json\/wp\/v2\/media?parent=448659"}],"wp:term":[{"taxonomy":"category","embeddable":true,"href":"http:\/\/desarrollo.grupomedios.com\/futbol\/wp-json\/wp\/v2\/categories?post=448659"},{"taxonomy":"post_tag","embeddable":true,"href":"http:\/\/desarrollo.grupomedios.com\/futbol\/wp-json\/wp\/v2\/tags?post=448659"}],"curies":[{"name":"wp","href":"https:\/\/api.w.org\/{rel}","templated":true}]}}