{"id":448683,"date":"2016-12-13T10:47:59","date_gmt":"2016-12-13T16:47:59","guid":{"rendered":"https:\/\/www.futboltotal.com.mx\/?p=448683"},"modified":"2016-12-13T10:48:18","modified_gmt":"2016-12-13T16:48:18","slug":"jan-oblak-baja-del-atletico-madrid-largo-periodo","status":"publish","type":"post","link":"http:\/\/desarrollo.grupomedios.com\/futbol\/futbol-internacional\/jan-oblak-baja-del-atletico-madrid-largo-periodo\/2016\/12","title":{"rendered":"Jan Oblak es baja del Atl\u00e9tico de Madrid por un largo periodo"},"content":{"rendered":"<p>Las cosas van de mal en peor para el <strong>Atl\u00e9tico de Madrid<\/strong>, que no logra recuperar el buen estado de forma en La Liga de Espa\u00f1a.<\/p>\n<p>El cuadro del Vicente Calder\u00f3n s\u00f3lo ha podido ganar uno de sus \u00faltimos cinco partidos de liga (cuatro puntos de 15 posibles) y han ca\u00eddo ya al sexto lugar de la tabla del campeonato ib\u00e9rico.<\/p>\n<p style=\"text-align: center;\"><a href=\"https:\/\/www.futboltotal.com.mx\/2016\/12\/espanol-alvaro-dominguez-se-retira-del-futbol-lesion\/\" target=\"_blank\"><span style=\"color: #3366ff;\"><strong>LEER M\u00c1S: Ex jugador del Atl\u00e9tico de Madrid se retira a los 27 a\u00f1os<\/strong><\/span><\/a><\/p>\n<p>Este lunes, los <em>Colchoneros<\/em> cayeron 3-0 con el Villarreal en su visita a El Madrigal. Y no fue esa la \u00fanica mala noticia para el <strong>Atl\u00e9tico de Madrid<\/strong>.<\/p>\n<p>Al minuto 38, cuando cay\u00f3 el segundo gol del <em>Submarino Amarillo<\/em>, Jan Oblak se lesion\u00f3: el arquero sali\u00f3 a cortar un centro, pero no lo consigui\u00f3 y lo dej\u00f3 a merced de Jonathan Dos Santos, quien aprovech\u00f3 para marcar el 2-0.<\/p>\n<p style=\"text-align: center;\"><a href=\"https:\/\/www.futboltotal.com.mx\/2016\/12\/jonathan-dos-santos-gol-villarrea-atletico-madrid\/\" target=\"_blank\"><span style=\"color: #3366ff;\"><strong>LEER M\u00c1S: Jona marca y Villarreal le pega al Atl\u00e9tico de Madrid<\/strong><\/span><\/a><\/p>\n<p>En esa jugada, Oblak se lastim\u00f3 el hombro izquierdo y tuvo que abandonar el partido. Unas horas m\u00e1s tarde, el <strong>Atl\u00e9tico<\/strong> inform\u00f3: Jan Oblak se ha sometido a pruebas radiol\u00f3gicas y a una resonancia magn\u00e9tica que han confirmado que sufre una lesi\u00f3n en las partes blandas del hombro izquierdo como consecuencia de la luxaci\u00f3n\u201d.<\/p>\n<p>Como consecuencia de la lesi\u00f3n de Oblak, ser\u00e1 operado en los pr\u00f3ximos d\u00edas y estar\u00e1 fuera de actividad entre tres y cuatro meses. Por ello, el cuadro que dirige Diego Simeone no contar\u00e1 con su guardameta titular en la ida de los octavos de la <em>Champions<\/em> <em>League<\/em> contra el Bayer Leverkusen (21 de febrero), el duelo de la fecha 26 de La Liga contra el Barcelona (26 de febrero), y muy probablemente la vuelta de los octavos contra el Bayer (15 de marzo).<\/p>\n<p><span style=\"color: #3366ff;\"><strong>S\u00edguenos en Twitter: @MXFutbolTotal<\/strong><\/span><\/p>\n","protected":false},"excerpt":{"rendered":"<p>Las cosas van de mal en peor para el Atl\u00e9tico de Madrid, que no logra recuperar el buen estado de forma en La Liga de Espa\u00f1a. El cuadro del Vicente Calder\u00f3n s\u00f3lo ha podido ganar uno de sus \u00faltimos cinco partidos de liga (cuatro puntos de 15 posibles) y han ca\u00eddo ya al sexto lugar [&hellip;]<\/p>\n","protected":false},"author":20,"featured_media":448684,"comment_status":"closed","ping_status":"closed","sticky":false,"template":"","format":"standard","meta":[],"categories":[3839,3844,5951],"tags":[2047,6007,7661,253,6781,76,5526],"_links":{"self":[{"href":"http:\/\/desarrollo.grupomedios.com\/futbol\/wp-json\/wp\/v2\/posts\/448683"}],"collection":[{"href":"http:\/\/desarrollo.grupomedios.com\/futbol\/wp-json\/wp\/v2\/posts"}],"about":[{"href":"http:\/\/desarrollo.grupomedios.com\/futbol\/wp-json\/wp\/v2\/types\/post"}],"author":[{"embeddable":true,"href":"http:\/\/desarrollo.grupomedios.com\/futbol\/wp-json\/wp\/v2\/users\/20"}],"replies":[{"embeddable":true,"href":"http:\/\/desarrollo.grupomedios.com\/futbol\/wp-json\/wp\/v2\/comments?post=448683"}],"version-history":[{"count":0,"href":"http:\/\/desarrollo.grupomedios.com\/futbol\/wp-json\/wp\/v2\/posts\/448683\/revisions"}],"wp:featuredmedia":[{"embeddable":true,"href":"http:\/\/desarrollo.grupomedios.com\/futbol\/wp-json\/wp\/v2\/media\/448684"}],"wp:attachment":[{"href":"http:\/\/desarrollo.grupomedios.com\/futbol\/wp-json\/wp\/v2\/media?parent=448683"}],"wp:term":[{"taxonomy":"category","embeddable":true,"href":"http:\/\/desarrollo.grupomedios.com\/futbol\/wp-json\/wp\/v2\/categories?post=448683"},{"taxonomy":"post_tag","embeddable":true,"href":"http:\/\/desarrollo.grupomedios.com\/futbol\/wp-json\/wp\/v2\/tags?post=448683"}],"curies":[{"name":"wp","href":"https:\/\/api.w.org\/{rel}","templated":true}]}}