{"id":448687,"date":"2016-12-13T14:35:15","date_gmt":"2016-12-13T20:35:15","guid":{"rendered":"https:\/\/www.futboltotal.com.mx\/?p=448687"},"modified":"2016-12-13T14:38:35","modified_gmt":"2016-12-13T20:38:35","slug":"quiero-campeon-chivas-rodolfo-pizarro","status":"publish","type":"post","link":"http:\/\/desarrollo.grupomedios.com\/futbol\/destacado-home\/quiero-campeon-chivas-rodolfo-pizarro\/2016\/12","title":{"rendered":"\u201cQuiero ser campe\u00f3n con Chivas\u201d: Rodolfo Pizarro"},"content":{"rendered":"<p>El mediocampista <strong>Rodolfo Pizarro<\/strong>, fue presentado oficialmente como nuevo refuerzo de <a href=\"http:\/\/www.futboltotal.com.mx\/equipos\/guadalajara\/\" target=\"_blank\">Chivas<\/a> para el Clausura 2017, el ahora ex de <em>Tuzos<\/em> llega ilusionado al <em>Reba\u00f1o Sagrado<\/em> donde espera conquistar el t\u00edtulo de Liga MX, mismo que el Guadalajara no gana desde hace 10 a\u00f1os.<\/p>\n<p>En conferencia de prensa ofrecida por el due\u00f1o de <strong>Chivas<\/strong>, Jorge Vergara, en compa\u00f1\u00eda de el director t\u00e9cnico, Mat\u00edas Almeyda; se present\u00f3 <strong>Rodolfo Pizarro<\/strong>, quien visti\u00f3 por primera vez la piel del <em>Reba\u00f1o Sagrado<\/em>. El evento fue transmitido a trav\u00e9s de las redes sociales del conjunto <em>rojiblanco<\/em>.<\/p>\n<p style=\"text-align: center;\"><span style=\"color: #3366ff;\"><a style=\"color: #3366ff;\" href=\"https:\/\/www.futboltotal.com.mx\/2016\/12\/vengo-a-prometer-sino-a-trabajar-matias-alustiza\/\" target=\"_blank\"><strong>LEER M\u00c1S: Mientras tanto en Atlas, presentan a Alustiza&#8230;<\/strong><\/a><\/span><\/p>\n<p>https:\/\/twitter.com\/Chivas\/status\/808702288042684416<\/p>\n<p>https:\/\/twitter.com\/Chivas\/status\/808696446014943232<\/p>\n<p>\u201cVengo a tratar de ser campe\u00f3n. Estoy feliz e ilusionado de estar en <strong>Chivas<\/strong>\u201d, se\u00f1al\u00f3 <strong>Rodolfo Pizarro<\/strong>, quien coment\u00f3 que a pesar que se se le podr\u00eda dar salida de <a href=\"http:\/\/www.futboltotal.com.mx\/equipos\/pachuca\/\" target=\"_blank\">Pachuca<\/a> solamente para ir a Europa, en el Guadalajara ve una oportunidad.<\/p>\n<p>\u201cChivas puede ser un buen escal\u00f3n para m\u00ed (con miras a Europa)\u201d, explic\u00f3 con tranquilidad el mediocampista. Por su parte el director t\u00e9cnico del conjunto rojiblanco, Mat\u00edas Almeyda, se\u00f1al\u00f3 que elo refuerzo encajar\u00e1 bien: \u201cCon la salida del Gullit. Pizarro tendr\u00e1 un buen lugar dentro del campo, en el que estar\u00e1 c\u00f3modo\u201d.<\/p>\n<p><strong>S\u00edguenos en Twitter:<\/strong> <a href=\"https:\/\/twitter.com\/MXFutbolTotal\" target=\"_blank\">@MXFutbolTotal<\/a><\/p>\n","protected":false},"excerpt":{"rendered":"<p>Guadalajara presenta a su nuevo refuerzo para el Clausura 2017.<\/p>\n","protected":false},"author":20,"featured_media":448688,"comment_status":"closed","ping_status":"closed","sticky":false,"template":"","format":"standard","meta":[],"categories":[5,2198,3845],"tags":[70,4908],"_links":{"self":[{"href":"http:\/\/desarrollo.grupomedios.com\/futbol\/wp-json\/wp\/v2\/posts\/448687"}],"collection":[{"href":"http:\/\/desarrollo.grupomedios.com\/futbol\/wp-json\/wp\/v2\/posts"}],"about":[{"href":"http:\/\/desarrollo.grupomedios.com\/futbol\/wp-json\/wp\/v2\/types\/post"}],"author":[{"embeddable":true,"href":"http:\/\/desarrollo.grupomedios.com\/futbol\/wp-json\/wp\/v2\/users\/20"}],"replies":[{"embeddable":true,"href":"http:\/\/desarrollo.grupomedios.com\/futbol\/wp-json\/wp\/v2\/comments?post=448687"}],"version-history":[{"count":0,"href":"http:\/\/desarrollo.grupomedios.com\/futbol\/wp-json\/wp\/v2\/posts\/448687\/revisions"}],"wp:featuredmedia":[{"embeddable":true,"href":"http:\/\/desarrollo.grupomedios.com\/futbol\/wp-json\/wp\/v2\/media\/448688"}],"wp:attachment":[{"href":"http:\/\/desarrollo.grupomedios.com\/futbol\/wp-json\/wp\/v2\/media?parent=448687"}],"wp:term":[{"taxonomy":"category","embeddable":true,"href":"http:\/\/desarrollo.grupomedios.com\/futbol\/wp-json\/wp\/v2\/categories?post=448687"},{"taxonomy":"post_tag","embeddable":true,"href":"http:\/\/desarrollo.grupomedios.com\/futbol\/wp-json\/wp\/v2\/tags?post=448687"}],"curies":[{"name":"wp","href":"https:\/\/api.w.org\/{rel}","templated":true}]}}