{"id":448704,"date":"2016-12-13T12:52:42","date_gmt":"2016-12-13T18:52:42","guid":{"rendered":"https:\/\/www.futboltotal.com.mx\/?p=448704"},"modified":"2016-12-13T13:15:17","modified_gmt":"2016-12-13T19:15:17","slug":"paco-jemez-encara-david-faitelson","status":"publish","type":"post","link":"http:\/\/desarrollo.grupomedios.com\/futbol\/videos\/paco-jemez-encara-david-faitelson\/2016\/12","title":{"rendered":"Paco J\u00e9mez se encara con David Faitelson"},"content":{"rendered":"<p>El actual entrenador de<a href=\"https:\/\/www.futboltotal.com.mx\/2016\/12\/equipos\/cruzazul\/\" target=\"_blank\"> Cruz Azul<\/a> visit\u00f3 el estudio del <em>Futbol Picante en ESPN<\/em> para hablar un poco de su nueva etapa en el futbol mexicano. El espa\u00f1ol, aclar\u00f3 que sus principales objetivos era reforzar la parte alta del equipo.<\/p>\n<p>Al preguntarle sobre su nuevo equipo el espa\u00f1ol coment\u00f3 que <strong>Cruz Azul<\/strong> es un club grande, sin embargo no es un equipo grande y lo que quiere recuperar es demostrar que la <em>M\u00e1quina<\/em> puede volver a ser un equipo grande.<\/p>\n<p style=\"text-align: center;\"><span style=\"color: #3366ff;\"><a style=\"color: #3366ff;\" href=\"https:\/\/www.futboltotal.com.mx\/2016\/12\/donde-esta-chicharito-goleador\/\" target=\"_blank\">LEER M\u00c1S: \u00bfD\u00f3nde est\u00e1 el Chicharito m\u00e1s goleador?<\/a><\/span><\/p>\n<blockquote><p>&#8220;Nadie me ha dicho que me trajeron para ser campe\u00f3n con <strong>Cruz Azul<\/strong>; nosotros pensamos en clasificar, no en ser campe\u00f3n. Yo no puedo prometerle a nadie que vamos a ser campeones&#8221; coment\u00f3 <strong>J\u00e9mez.<\/strong><\/p><\/blockquote>\n<p>Esto propici\u00f3 que el periodista<strong> David Faitelson<\/strong> cuestionara las declaraciones del estratega al decirle que si no aspira a ser campe\u00f3n con la M\u00e1quina, entonces a qu\u00e9 llegaba a M\u00e9xico.<\/p>\n<blockquote><p>&#8220;Lo primero que usted tiene que entender es que <strong>Cruz Azul<\/strong> es un equipo grande; entonces diga que lo trajeron para salvarlo del descenso&#8221; puntualiz\u00f3<strong> Faitelson.<\/strong><\/p><\/blockquote>\n<p><iframe loading=\"lazy\" src=\"https:\/\/www.youtube.com\/embed\/jmWLkGrkBiU?feature=oembed\" frameborder=\"0\" allowfullscreen><\/iframe><\/p>\n<p>Para finalizar Paco dijo que no iba a vender que ser\u00edan campeones y el primer objetivo es clasificar a la Liguilla, para despu\u00e9s poder buscar el campeonato.<\/p>\n<p><a href=\"https:\/\/www.futboltotal.com.mx\/wp-content\/uploads\/2016\/12\/je\u0301mez.jpg\"><img decoding=\"async\" loading=\"lazy\" class=\"alignnone size-full wp-image-448710\" src=\"https:\/\/www.futboltotal.com.mx\/wp-content\/uploads\/2016\/12\/je\u0301mez.jpg\" alt=\"jemez\" srcset=\"http:\/\/desarrollo.grupomedios.com\/futbol\/wp-content\/uploads\/2016\/12\/je\u0301mez.jpg 1880w, http:\/\/desarrollo.grupomedios.com\/futbol\/wp-content\/uploads\/2016\/12\/je\u0301mez-300x251.jpg 300w, http:\/\/desarrollo.grupomedios.com\/futbol\/wp-content\/uploads\/2016\/12\/je\u0301mez-768x644.jpg 768w, http:\/\/desarrollo.grupomedios.com\/futbol\/wp-content\/uploads\/2016\/12\/je\u0301mez-1024x858.jpg 1024w\" sizes=\"(max-width: 1880px) 100vw, 1880px\" \/><\/a><\/p>\n","protected":false},"excerpt":{"rendered":"<p>El estratega no promete ser campe\u00f3n con Cruz Azul. <\/p>\n","protected":false},"author":20,"featured_media":448712,"comment_status":"closed","ping_status":"closed","sticky":false,"template":"","format":"standard","meta":[],"categories":[5419,2198,3845,4],"tags":[5962,6501,7053],"_links":{"self":[{"href":"http:\/\/desarrollo.grupomedios.com\/futbol\/wp-json\/wp\/v2\/posts\/448704"}],"collection":[{"href":"http:\/\/desarrollo.grupomedios.com\/futbol\/wp-json\/wp\/v2\/posts"}],"about":[{"href":"http:\/\/desarrollo.grupomedios.com\/futbol\/wp-json\/wp\/v2\/types\/post"}],"author":[{"embeddable":true,"href":"http:\/\/desarrollo.grupomedios.com\/futbol\/wp-json\/wp\/v2\/users\/20"}],"replies":[{"embeddable":true,"href":"http:\/\/desarrollo.grupomedios.com\/futbol\/wp-json\/wp\/v2\/comments?post=448704"}],"version-history":[{"count":0,"href":"http:\/\/desarrollo.grupomedios.com\/futbol\/wp-json\/wp\/v2\/posts\/448704\/revisions"}],"wp:featuredmedia":[{"embeddable":true,"href":"http:\/\/desarrollo.grupomedios.com\/futbol\/wp-json\/wp\/v2\/media\/448712"}],"wp:attachment":[{"href":"http:\/\/desarrollo.grupomedios.com\/futbol\/wp-json\/wp\/v2\/media?parent=448704"}],"wp:term":[{"taxonomy":"category","embeddable":true,"href":"http:\/\/desarrollo.grupomedios.com\/futbol\/wp-json\/wp\/v2\/categories?post=448704"},{"taxonomy":"post_tag","embeddable":true,"href":"http:\/\/desarrollo.grupomedios.com\/futbol\/wp-json\/wp\/v2\/tags?post=448704"}],"curies":[{"name":"wp","href":"https:\/\/api.w.org\/{rel}","templated":true}]}}