{"id":448717,"date":"2016-12-13T13:01:29","date_gmt":"2016-12-13T19:01:29","guid":{"rendered":"https:\/\/www.futboltotal.com.mx\/?p=448717"},"modified":"2016-12-13T13:01:58","modified_gmt":"2016-12-13T19:01:58","slug":"gabriel-achilier-nuevo-refuerzo-del-morelia","status":"publish","type":"post","link":"http:\/\/desarrollo.grupomedios.com\/futbol\/futbol-mexicano\/gabriel-achilier-nuevo-refuerzo-del-morelia\/2016\/12","title":{"rendered":"\u00a1Morelia anuncia a su primer refuerzo!"},"content":{"rendered":"<p><a href=\"http:\/\/www.futboltotal.com.mx\/equipos\/morelia\/\" target=\"_blank\">Morelia<\/a> pelear\u00e1 por no descender en el Clausura 2017, para evitarlo necesita a los mejores futbolistas en cada zona del campo, es por eso que anunci\u00f3 la llegada de su nuevo refuerzo, se trata del ecuatoriano Gabriel Achilier, quien juega como defensa.<\/p>\n<p>https:\/\/twitter.com\/FuerzaMonarca\/status\/808501442092867584<\/p>\n<p><strong>Gabriel Achilier<\/strong> llega procedente del Emelec de Ecuador, con quien milita desde el 2009; el zaguero es seleccionado de su pa\u00eds e incluso ya jug\u00f3 un Mundial: Brasil 2014. Debut\u00f3 en 2002 con el Orense, al siguiente a\u00f1o fue fichado por el Deportivo Cuenca y en 2004, Loja se lo llev\u00f3, pero tambi\u00e9n dur\u00f3 \u00fanicamente un a\u00f1o para pasar al Deportivo Azogues, con quien se mantuvo hasta 2009.<\/p>\n<p style=\"text-align: center;\"><span style=\"color: #3366ff;\"><a style=\"color: #3366ff;\" href=\"https:\/\/www.futboltotal.com.mx\/2016\/12\/jorge-vergara-confeso-chivas-fichara-otros-refuerzos\/\" target=\"_blank\"><strong>LEER M\u00c1S: El \u00fanico refuerzo de Chivas<\/strong><\/a><\/span><\/p>\n<p>El defensor ya conoce a M\u00e9xico pues los enfrent\u00f3 en la Copa Am\u00e9rica de 2015, durante la Fase de Grupos de la edici\u00f3n de la justa que se celebr\u00f3 en Chile.<\/p>\n<p>Despu\u00e9s del nombramiento de Pablo Marini como director t\u00e9cnico de <strong>Monarcas Morelia<\/strong>, no se hab\u00eda dado ninguna incorporaci\u00f3n m\u00e1s al equipo, en especial, de futbolistas, por lo que <strong>Gabriel Achilier<\/strong> se convierte en el primer refuerzo pur\u00e9pecha para el Clausura 2017.<\/p>\n<p><strong>S\u00edguenos en Twitter:<\/strong> <a href=\"https:\/\/twitter.com\/MXFutbolTotal\" target=\"_blank\">@MXFutbol Total<\/a><\/p>\n","protected":false},"excerpt":{"rendered":"<p>Gabriel Achilier es la nueva apuesta sudamericana de los pur\u00e9pechas.<\/p>\n","protected":false},"author":20,"featured_media":448719,"comment_status":"closed","ping_status":"closed","sticky":false,"template":"","format":"standard","meta":[],"categories":[2198,3845,5950],"tags":[5967],"_links":{"self":[{"href":"http:\/\/desarrollo.grupomedios.com\/futbol\/wp-json\/wp\/v2\/posts\/448717"}],"collection":[{"href":"http:\/\/desarrollo.grupomedios.com\/futbol\/wp-json\/wp\/v2\/posts"}],"about":[{"href":"http:\/\/desarrollo.grupomedios.com\/futbol\/wp-json\/wp\/v2\/types\/post"}],"author":[{"embeddable":true,"href":"http:\/\/desarrollo.grupomedios.com\/futbol\/wp-json\/wp\/v2\/users\/20"}],"replies":[{"embeddable":true,"href":"http:\/\/desarrollo.grupomedios.com\/futbol\/wp-json\/wp\/v2\/comments?post=448717"}],"version-history":[{"count":0,"href":"http:\/\/desarrollo.grupomedios.com\/futbol\/wp-json\/wp\/v2\/posts\/448717\/revisions"}],"wp:featuredmedia":[{"embeddable":true,"href":"http:\/\/desarrollo.grupomedios.com\/futbol\/wp-json\/wp\/v2\/media\/448719"}],"wp:attachment":[{"href":"http:\/\/desarrollo.grupomedios.com\/futbol\/wp-json\/wp\/v2\/media?parent=448717"}],"wp:term":[{"taxonomy":"category","embeddable":true,"href":"http:\/\/desarrollo.grupomedios.com\/futbol\/wp-json\/wp\/v2\/categories?post=448717"},{"taxonomy":"post_tag","embeddable":true,"href":"http:\/\/desarrollo.grupomedios.com\/futbol\/wp-json\/wp\/v2\/tags?post=448717"}],"curies":[{"name":"wp","href":"https:\/\/api.w.org\/{rel}","templated":true}]}}