{"id":448726,"date":"2016-12-13T13:03:36","date_gmt":"2016-12-13T19:03:36","guid":{"rendered":"https:\/\/www.futboltotal.com.mx\/?p=448726"},"modified":"2016-12-13T13:43:22","modified_gmt":"2016-12-13T19:43:22","slug":"almeyda-quiere-evitar-pizarro-haga-gullit","status":"publish","type":"post","link":"http:\/\/desarrollo.grupomedios.com\/futbol\/destacado-home\/almeyda-quiere-evitar-pizarro-haga-gullit\/2016\/12","title":{"rendered":"Almeyda quiere evitar que Pizarro &#8216;haga un Gullit&#8217;"},"content":{"rendered":"<p>Durante la presentaci\u00f3n del refuerzo de <a href=\"http:\/\/www.futboltotal.com.mx\/equipos\/guadalajara\/\" target=\"_blank\">Chivas<\/a> para el Clausura 2017, <strong>Rodolfo Pizarro<\/strong>, el director t\u00e9cnico del <em>Reba\u00f1o Sagrado<\/em>, <strong>Mat\u00edas Almeyda<\/strong>, se\u00f1al\u00f3 que buscar\u00e1n cuidar el volante reci\u00e9n llegado, de manera an\u00edmica y deportiva, pues no quiere que se repita la historia del <strong>Gullit<\/strong>, quien habr\u00eda sido afectado principalmente por la prensa.<\/p>\n<p>De acuerdo al estratega de <strong>Chivas<\/strong>, Carlos Pe\u00f1a sufri\u00f3 el rechazo de la afici\u00f3n rojiblanca debido a que los medios de comunicaci\u00f3n exageraron de manera negativa, el desempe\u00f1o que el <strong>Gullit<\/strong> ten\u00eda con el cuadro rojiblanco.<\/p>\n<p>\u201cSer\u00e1 fundamental que lo podamos proteger un poco y que las cr\u00edticas sean constructivas y no confusas, porque los intermediarios entre la gente y nosotros son ustedes (la prensa), y ustedes hacen una cr\u00edtica desmedida\u201d explic\u00f3 el estratega.<\/p>\n<p style=\"text-align: center;\"><span style=\"color: #3366ff;\"><a style=\"color: #3366ff;\" href=\"https:\/\/www.futboltotal.com.mx\/2016\/12\/quiero-campeon-chivas-rodolfo-pizarro\/\" target=\"_blank\"><strong>LEER M\u00c1S: &#8220;Quiero ser campe\u00f3n con Chivas&#8221;, Rodolfo Pizarro<\/strong><\/a><\/span><\/p>\n<p>\u201cNo queremos que con Pizarro, en tres partidos ya lo odie la gente y lo insulte en el estadio, como ha ocurrido con otros jugadores, hay que esperar a que termine el torneo para tener un veredicto, no antes\u201d, agreg\u00f3.<\/p>\n<p>El Pelado espera conseguir el t\u00edtulo de Liga MX con <strong>Chivas<\/strong>, para romper con la sequ\u00eda de 10 a\u00f1os de sequ\u00eda del conjunto rojiblanco, \u201cya ganamos dos t\u00edtulos juntos, ninguno de liga pero esos sirvieron para empezar a dar forma a este proyecto\u201d, puntualiz\u00f3.<\/p>\n<p><strong>S\u00edguenos en Twitter:<\/strong> <a href=\"https:\/\/twitter.com\/MXFutbolTotal\" target=\"_blank\">@MXFutbolTotal<\/a><\/p>\n","protected":false},"excerpt":{"rendered":"<p>El estratega del Reba\u00f1o Sagrado culpa a la prensa por el nivel de Pe\u00f1a.<\/p>\n","protected":false},"author":20,"featured_media":448727,"comment_status":"closed","ping_status":"closed","sticky":false,"template":"","format":"standard","meta":[],"categories":[5,2198,3845],"tags":[70,1420,4908],"_links":{"self":[{"href":"http:\/\/desarrollo.grupomedios.com\/futbol\/wp-json\/wp\/v2\/posts\/448726"}],"collection":[{"href":"http:\/\/desarrollo.grupomedios.com\/futbol\/wp-json\/wp\/v2\/posts"}],"about":[{"href":"http:\/\/desarrollo.grupomedios.com\/futbol\/wp-json\/wp\/v2\/types\/post"}],"author":[{"embeddable":true,"href":"http:\/\/desarrollo.grupomedios.com\/futbol\/wp-json\/wp\/v2\/users\/20"}],"replies":[{"embeddable":true,"href":"http:\/\/desarrollo.grupomedios.com\/futbol\/wp-json\/wp\/v2\/comments?post=448726"}],"version-history":[{"count":0,"href":"http:\/\/desarrollo.grupomedios.com\/futbol\/wp-json\/wp\/v2\/posts\/448726\/revisions"}],"wp:featuredmedia":[{"embeddable":true,"href":"http:\/\/desarrollo.grupomedios.com\/futbol\/wp-json\/wp\/v2\/media\/448727"}],"wp:attachment":[{"href":"http:\/\/desarrollo.grupomedios.com\/futbol\/wp-json\/wp\/v2\/media?parent=448726"}],"wp:term":[{"taxonomy":"category","embeddable":true,"href":"http:\/\/desarrollo.grupomedios.com\/futbol\/wp-json\/wp\/v2\/categories?post=448726"},{"taxonomy":"post_tag","embeddable":true,"href":"http:\/\/desarrollo.grupomedios.com\/futbol\/wp-json\/wp\/v2\/tags?post=448726"}],"curies":[{"name":"wp","href":"https:\/\/api.w.org\/{rel}","templated":true}]}}