{"id":448736,"date":"2016-12-13T15:33:38","date_gmt":"2016-12-13T21:33:38","guid":{"rendered":"https:\/\/www.futboltotal.com.mx\/?p=448736"},"modified":"2016-12-13T15:33:38","modified_gmt":"2016-12-13T21:33:38","slug":"tigres-no-tiene-oferta-de-boca-juniors-por-nahuel","status":"publish","type":"post","link":"http:\/\/desarrollo.grupomedios.com\/futbol\/futbol-mexicano\/tigres-no-tiene-oferta-de-boca-juniors-por-nahuel\/2016\/12","title":{"rendered":"Tigres no tiene oferta de Boca Juniors por Nahuel"},"content":{"rendered":"<p>A nueve d\u00edas para que<strong> Tigres<\/strong> dispute la Final de Ida ante <strong>Am\u00e9rica<\/strong>, el nombre de\u00a0<strong>Nahuel Guzm\u00e1n<\/strong>\u00a0comenz\u00f3 a sonar como uno de los futuribles refuerzos de Boca Juniors para el pr\u00f3ximo semestre; sin embargo por ahora el club no ha recibido ofertas por el arquero rosarino, estableci\u00f3 el\u00a0delegado deportivo de Tigres, Miguel Garza.<\/p>\n<blockquote><p>\u201cPor ahora no hemos recibido ninguna propuesta por <strong>Nahuel<\/strong>. Su contrato termina hasta el pr\u00f3ximo a\u00f1o&#8221;, apunt\u00f3 el dirigente este lunes, al tiempo que dej\u00f3 la puerta abierta para que el guardameta pudiese dejar la instituci\u00f3n &#8220;siempre y cuando la oferta sea buena para las tres partes, lo podemos analizar&#8221;.<\/p><\/blockquote>\n<p style=\"text-align: center;\"><a href=\"https:\/\/www.futboltotal.com.mx\/futbol-mexicano\/\"><span style=\"color: #3366ff;\">LEER M\u00c1S: Todas las noticias de futbol mexicano<\/span><\/a><\/p>\n<p>A diferencia de otros torneos, esta vez el cuadro regiomontano no realizar\u00e1 contrataciones a diestra y siniestra. Con tipos como Juninho, Guido Pizarro, Lucas Zelarayan, Javier Aquino, Ismael Sosa y los dos centros delanteros Andre Pierre Gignac y Andy Delort, el cuerpo t\u00e9cnico y la directiva solo piensan en hacer m\u00ednimos ajustes.<\/p>\n<blockquote><p>&#8220;Hay dos razones por las que no planteamos grandes movimientos. La primera es porque no tendremos pretemporada y la m\u00e1s importante es porque el equipo est\u00e1 pr\u00e1cticamente acoplado&#8221;, apunt\u00f3.<\/p><\/blockquote>\n<p>En este tenor, el club no tiene contemplados por ahora al volante Joel S\u00e1nchez, ni al arquero Pedro Gallese; la intenci\u00f3n es que sigan un semestre m\u00e1s en calidad de pr\u00e9stamo, tal y como en su momento ocurri\u00f3 con\u00a0Luis Qui\u00f1ones y Christian Cueva.<\/p>\n<blockquote><p>\u00a0\u201cTenemos un convenio relaci\u00f3n, pero ahorita el equipo lo vamos a mantener igual\u201d, acot\u00f3 Garza.<\/p><\/blockquote>\n","protected":false},"excerpt":{"rendered":"<p>El delegado deportivo del club no descarta la posible salida del arquero argentino.<\/p>\n","protected":false},"author":20,"featured_media":448746,"comment_status":"closed","ping_status":"closed","sticky":false,"template":"","format":"standard","meta":[],"categories":[2198,3845,5950],"tags":[7732,6129,5973],"_links":{"self":[{"href":"http:\/\/desarrollo.grupomedios.com\/futbol\/wp-json\/wp\/v2\/posts\/448736"}],"collection":[{"href":"http:\/\/desarrollo.grupomedios.com\/futbol\/wp-json\/wp\/v2\/posts"}],"about":[{"href":"http:\/\/desarrollo.grupomedios.com\/futbol\/wp-json\/wp\/v2\/types\/post"}],"author":[{"embeddable":true,"href":"http:\/\/desarrollo.grupomedios.com\/futbol\/wp-json\/wp\/v2\/users\/20"}],"replies":[{"embeddable":true,"href":"http:\/\/desarrollo.grupomedios.com\/futbol\/wp-json\/wp\/v2\/comments?post=448736"}],"version-history":[{"count":0,"href":"http:\/\/desarrollo.grupomedios.com\/futbol\/wp-json\/wp\/v2\/posts\/448736\/revisions"}],"wp:featuredmedia":[{"embeddable":true,"href":"http:\/\/desarrollo.grupomedios.com\/futbol\/wp-json\/wp\/v2\/media\/448746"}],"wp:attachment":[{"href":"http:\/\/desarrollo.grupomedios.com\/futbol\/wp-json\/wp\/v2\/media?parent=448736"}],"wp:term":[{"taxonomy":"category","embeddable":true,"href":"http:\/\/desarrollo.grupomedios.com\/futbol\/wp-json\/wp\/v2\/categories?post=448736"},{"taxonomy":"post_tag","embeddable":true,"href":"http:\/\/desarrollo.grupomedios.com\/futbol\/wp-json\/wp\/v2\/tags?post=448736"}],"curies":[{"name":"wp","href":"https:\/\/api.w.org\/{rel}","templated":true}]}}