{"id":448737,"date":"2016-12-13T14:33:40","date_gmt":"2016-12-13T20:33:40","guid":{"rendered":"https:\/\/www.futboltotal.com.mx\/?p=448737"},"modified":"2016-12-14T09:54:17","modified_gmt":"2016-12-14T15:54:17","slug":"angel-reyna-da-largas-veracruz-culpa-viejo-amor-america","status":"publish","type":"post","link":"http:\/\/desarrollo.grupomedios.com\/futbol\/futbol-mexicano\/angel-reyna-da-largas-veracruz-culpa-viejo-amor-america\/2016\/12","title":{"rendered":"\u00c1ngel Reyna da largas al Veracruz por culpa de &#8216;viejo amor&#8217;"},"content":{"rendered":"<p>El regreso de <strong>\u00c1ngel Reyna<\/strong> a la <strong>Liga MX<\/strong> parece inminente, aunque el equipo que fichar\u00eda al talentoso futbolista sigue siendo una inc\u00f3gnita luego de que todo parec\u00eda indicar que ser\u00eda el <a href=\"https:\/\/www.futboltotal.com.mx\/equipos\/veracruz\">Veracruz<\/a>.<\/p>\n<p>Reyna, quien\u00a0durante el semestre que concluye visti\u00f3 la playera del <strong>Celaya<\/strong> en el <strong>Ascenso MX<\/strong>, ha tenido conversaciones con Fidel Kuri y el t\u00e9cnico Carlos Reinoso para reforzar a los <em>Tiburones<\/em>, y el estratega chileno asegur\u00f3 que la decisi\u00f3n depende totalmente del llamado <em>Pleititos<\/em>.<\/p>\n<p>Sin embargo, seg\u00fan informaci\u00f3n mencionada en la televisora Fox Sports, Reyna est\u00e1 postergando su decisi\u00f3n final con la intensi\u00f3n de ganar tiempo a la espera de un llamado del que probablemente ha sido el &#8216;amor de su vida&#8217;, el <a href=\"https:\/\/www.futboltotal.com.mx\/equipos\/america\">Am\u00e9rica<\/a>.<\/p>\n<p>El volante ofensivo desear\u00eda retomar su carrera en Primera Divisi\u00f3n de la mano de las <em>\u00c1guilas<\/em>, aunque se desconoce si el t\u00e9cnico argentino Ricardo Antonio La Volpe desea contar con el <em>\u00c1ngel del gol<\/em> en su plantel.<\/p>\n<p><a href=\"https:\/\/www.futboltotal.com.mx\/2016\/12\/reyna-decidira-donde-jugar-proxima-temporada\/\">LEER M\u00c1S: REYNA DECIDIR\u00c1 DONDE JUGAR LA PR\u00d3XIMA TEMPORADA<\/a><\/p>\n","protected":false},"excerpt":{"rendered":"<p>El mediocampista espera que un club &#8216;grande&#8217; le brinde una segunda oportunidad.<\/p>\n","protected":false},"author":20,"featured_media":439082,"comment_status":"closed","ping_status":"closed","sticky":false,"template":"","format":"standard","meta":[],"categories":[7740,2198,3845,5950],"tags":[1585,5959,1659,64,7804,643,6049],"_links":{"self":[{"href":"http:\/\/desarrollo.grupomedios.com\/futbol\/wp-json\/wp\/v2\/posts\/448737"}],"collection":[{"href":"http:\/\/desarrollo.grupomedios.com\/futbol\/wp-json\/wp\/v2\/posts"}],"about":[{"href":"http:\/\/desarrollo.grupomedios.com\/futbol\/wp-json\/wp\/v2\/types\/post"}],"author":[{"embeddable":true,"href":"http:\/\/desarrollo.grupomedios.com\/futbol\/wp-json\/wp\/v2\/users\/20"}],"replies":[{"embeddable":true,"href":"http:\/\/desarrollo.grupomedios.com\/futbol\/wp-json\/wp\/v2\/comments?post=448737"}],"version-history":[{"count":0,"href":"http:\/\/desarrollo.grupomedios.com\/futbol\/wp-json\/wp\/v2\/posts\/448737\/revisions"}],"wp:featuredmedia":[{"embeddable":true,"href":"http:\/\/desarrollo.grupomedios.com\/futbol\/wp-json\/wp\/v2\/media\/439082"}],"wp:attachment":[{"href":"http:\/\/desarrollo.grupomedios.com\/futbol\/wp-json\/wp\/v2\/media?parent=448737"}],"wp:term":[{"taxonomy":"category","embeddable":true,"href":"http:\/\/desarrollo.grupomedios.com\/futbol\/wp-json\/wp\/v2\/categories?post=448737"},{"taxonomy":"post_tag","embeddable":true,"href":"http:\/\/desarrollo.grupomedios.com\/futbol\/wp-json\/wp\/v2\/tags?post=448737"}],"curies":[{"name":"wp","href":"https:\/\/api.w.org\/{rel}","templated":true}]}}