{"id":448750,"date":"2016-12-13T16:07:53","date_gmt":"2016-12-13T22:07:53","guid":{"rendered":"https:\/\/www.futboltotal.com.mx\/?p=448750"},"modified":"2016-12-13T16:33:44","modified_gmt":"2016-12-13T22:33:44","slug":"guadalajara-ya-parece-tuzochivas-jesus-martinez","status":"publish","type":"post","link":"http:\/\/desarrollo.grupomedios.com\/futbol\/futbol-mexicano\/guadalajara-ya-parece-tuzochivas-jesus-martinez\/2016\/12","title":{"rendered":"&#8220;Guadalajara ya parece TuzoChivas&#8221;: Jes\u00fas Mart\u00ednez"},"content":{"rendered":"<p><strong>Rodolfo Pizarro<\/strong> es hasta el momento el fichaje bomba del mercado invernal, luego de concretarse su traspaso a <a href=\"https:\/\/www.futboltotal.com.mx\/2016\/12\/equipos\/guadalajara\/\" target=\"_blank\">Chivas. <\/a>el juvenil mexicano ya fue presentado con el Reba\u00f1o en donde declar\u00f3 que llega al equipo &#8220;m\u00e1s grande de M\u00e9xico&#8221;.<\/p>\n<p>El due\u00f1o de Grupo Pachuca Jes\u00fas Mart\u00ednez habl\u00f3 para el programa <em>ESPN Radio Formula<\/em> sobre la venta de Pizarro al <strong>Guadalajara.<\/strong> Mart\u00ednez tambi\u00e9n fue claro al decir que <strong>Chivas<\/strong> siempre busca jugadores de los Tuzos a tal grado que ya parecen <strong>&#8220;TuzoChivas&#8221;.\u00a0<\/strong><\/p>\n<p style=\"text-align: center;\"><span style=\"color: #3366ff;\"><a style=\"color: #3366ff;\" href=\"https:\/\/www.futboltotal.com.mx\/2016\/12\/angel-reyna-da-largas-veracruz-culpa-viejo-amor-america\/\" target=\"_blank\">LEER M\u00c1S: \u00c1ngel Reyna da largas al Veracruz por culpa de \u2018viejo amor\u2019<\/a><\/span><\/p>\n<blockquote><p>&#8220;Guadalajara siempre est\u00e1 interesado en contratar a todos los Tuzos; parecen TuzoChivas&#8221; declar\u00f3 el due\u00f1o de <strong>Pachuca.<\/strong><\/p><\/blockquote>\n<p>Tambi\u00e9n aprovech\u00f3 para desearle suerte al joven canterano y que espera siga creciendo como profesional.<\/p>\n<blockquote><p>&#8220;Es un honor que vaya (Pizarro) a un equipo como <strong>Chivas<\/strong>; es una oportunidad para \u00e9l y para los j\u00f3venes que se quedan para seguir avanzando&#8221; puntualiz\u00f3 Jes\u00fas.<\/p><\/blockquote>\n<p>Sin embargo aclara que el no deseaba vender <strong>Rodolfo<\/strong>, pero el ya quer\u00eda salir de Pachuca y le agrad\u00f3 la propuesta del conjunto rojiblanco. A pesar de la ausencia y la baja que genera la venta de Pizarro, ya tienen algunos jugadores en mente para suplirlo.<\/p>\n<p>S\u00edguenos en Twitter: <a href=\"https:\/\/twitter.com\/MXFutbolTotal\" target=\"_blank\">@MXFutbolTotal<\/a><\/p>\n","protected":false},"excerpt":{"rendered":"<p>El due\u00f1o de Pachuca no quer\u00eda vender a Rodolfo Pizarro. <\/p>\n","protected":false},"author":20,"featured_media":448756,"comment_status":"closed","ping_status":"closed","sticky":false,"template":"","format":"standard","meta":[],"categories":[2198,3845,5950],"tags":[70,654,5968,4908],"_links":{"self":[{"href":"http:\/\/desarrollo.grupomedios.com\/futbol\/wp-json\/wp\/v2\/posts\/448750"}],"collection":[{"href":"http:\/\/desarrollo.grupomedios.com\/futbol\/wp-json\/wp\/v2\/posts"}],"about":[{"href":"http:\/\/desarrollo.grupomedios.com\/futbol\/wp-json\/wp\/v2\/types\/post"}],"author":[{"embeddable":true,"href":"http:\/\/desarrollo.grupomedios.com\/futbol\/wp-json\/wp\/v2\/users\/20"}],"replies":[{"embeddable":true,"href":"http:\/\/desarrollo.grupomedios.com\/futbol\/wp-json\/wp\/v2\/comments?post=448750"}],"version-history":[{"count":0,"href":"http:\/\/desarrollo.grupomedios.com\/futbol\/wp-json\/wp\/v2\/posts\/448750\/revisions"}],"wp:featuredmedia":[{"embeddable":true,"href":"http:\/\/desarrollo.grupomedios.com\/futbol\/wp-json\/wp\/v2\/media\/448756"}],"wp:attachment":[{"href":"http:\/\/desarrollo.grupomedios.com\/futbol\/wp-json\/wp\/v2\/media?parent=448750"}],"wp:term":[{"taxonomy":"category","embeddable":true,"href":"http:\/\/desarrollo.grupomedios.com\/futbol\/wp-json\/wp\/v2\/categories?post=448750"},{"taxonomy":"post_tag","embeddable":true,"href":"http:\/\/desarrollo.grupomedios.com\/futbol\/wp-json\/wp\/v2\/tags?post=448750"}],"curies":[{"name":"wp","href":"https:\/\/api.w.org\/{rel}","templated":true}]}}