{"id":448771,"date":"2016-12-13T16:55:20","date_gmt":"2016-12-13T22:55:20","guid":{"rendered":"https:\/\/www.futboltotal.com.mx\/?p=448771"},"modified":"2016-12-13T16:55:20","modified_gmt":"2016-12-13T22:55:20","slug":"iker-casillas-armo-11-ideal-champions-sin-madridistas","status":"publish","type":"post","link":"http:\/\/desarrollo.grupomedios.com\/futbol\/futbol-internacional\/iker-casillas-armo-11-ideal-champions-sin-madridistas\/2016\/12","title":{"rendered":"Iker Casillas arm\u00f3 un 11 ideal de Champions sin Madridistas"},"content":{"rendered":"<p>Este martes, <strong>Iker Casillas<\/strong> public\u00f3 un video en sus redes sociales (en su cuenta de Twitter y su canal oficial de Youtube) en el que seleccion\u00f3 un equipo ideal de futbolistas que han jugado la <em>Champions League<\/em>.<\/p>\n<p>Lo curioso fue que el ex arquero del Real Madrid no incluy\u00f3 en su alineaci\u00f3n a ning\u00fan integrante (actual o hist\u00f3rico) del cuadro del Santiago Bernab\u00e9u.<\/p>\n<p style=\"text-align: center;\"><a href=\"https:\/\/www.futboltotal.com.mx\/2016\/12\/casillas-envio-mensaje-a-buffon-tras-sorteo-champions\/\" target=\"_blank\"><span style=\"color: #3366ff;\"><strong>LEER M\u00c1S: Casillas env\u00eda mensaje a Buffon tras sorteo de Champions<\/strong><\/span><\/a><\/p>\n<p>Como portero, el elegido fue Gianluigi Buffon. En la defensa, el <em>\u00c1guila de M\u00f3stoles<\/em> s\u00f3lo quiso poner a tres jugadores: los italianos Paolo Maldini y Franco Baresi y el alem\u00e1n Mathias Sammer.<\/p>\n<p>En el centro del campo, <strong>Casillas<\/strong> seleccion\u00f3 a tres futbolistas: el checo Pavel Nedved, junto con dos leyendas del Manchester United: Ryan Giggs y Paul Scholes, adem\u00e1s del alem\u00e1n Lothar Matth\u00e4us.<\/p>\n<p><iframe loading=\"lazy\" src=\"https:\/\/www.youtube.com\/embed\/kBnzu_-X_VA\" frameborder=\"0\" allowfullscreen=\"allowfullscreen\"><\/iframe><\/p>\n<p>Para la delantera, <strong>Iker<\/strong> seleccion\u00f3 a jugadores de un Mil\u00e1n hist\u00f3rico que, como \u00e9l mismo apunta, complic\u00f3 mucho al Real Madrid: el cuadro que dirig\u00eda Arrigo Sacchi. Su primer atacante fue Marco van Basten y luego, como mediapunta, eligi\u00f3 a Ruud Gullit. Por \u00faltimo, el guardameta del Porto dej\u00f3 abierta la \u00faltima plaza para que sus seguidores elijan al futbolista que debe completar la alineaci\u00f3n.<\/p>\n<p>Cuando un seguidor le pregunt\u00f3 en Twitter por qu\u00e9 no hab\u00eda incluido a ning\u00fan jugador del Real Madrid, <strong>Casillas<\/strong> respondi\u00f3: \u201cPorque si no mi 11 entero ser\u00eda de jugadores del Madrid y pierde la gracia\u201d; adem\u00e1s, le envi\u00f3 el link para un video donde eligi\u00f3 a un 11 ideal de <em>Merengues<\/em>.<\/p>\n<blockquote class=\"twitter-tweet\" data-lang=\"es\">\n<p dir=\"ltr\" lang=\"es\">Porque si no mi 11 entero ser\u00eda de jugadores del Madrid &#x1f602; y pierde la gracia. Mira este a ver que te parece: <a href=\"https:\/\/t.co\/iybxaUbjdG\">https:\/\/t.co\/iybxaUbjdG<\/a> <a href=\"https:\/\/t.co\/1Gxd45WhDl\">https:\/\/t.co\/1Gxd45WhDl<\/a><\/p>\n<p>\u2014 Iker Casillas (@IkerCasillas) <a href=\"https:\/\/twitter.com\/IkerCasillas\/status\/808800003007332352\">13 de diciembre de 2016<\/a><\/p><\/blockquote>\n<p><script async src=\"\/\/platform.twitter.com\/widgets.js\" charset=\"utf-8\"><\/script><\/p>\n<p><a href=\"https:\/\/twitter.com\/MXFutbolTotal\" target=\"_blank\"><span style=\"color: #3366ff;\"><strong>S\u00edguenos en Twitter: @MXFutbolTotal<\/strong><\/span><\/a><\/p>\n","protected":false},"excerpt":{"rendered":"<p>Iker no incluy\u00f3 a ning\u00fan Merengue en su alineaci\u00f3n.<\/p>\n","protected":false},"author":20,"featured_media":436341,"comment_status":"closed","ping_status":"closed","sticky":false,"template":"","format":"standard","meta":[],"categories":[3841,3839,5951],"tags":[2085,97,36,2447,6019,2048,5080,5988],"_links":{"self":[{"href":"http:\/\/desarrollo.grupomedios.com\/futbol\/wp-json\/wp\/v2\/posts\/448771"}],"collection":[{"href":"http:\/\/desarrollo.grupomedios.com\/futbol\/wp-json\/wp\/v2\/posts"}],"about":[{"href":"http:\/\/desarrollo.grupomedios.com\/futbol\/wp-json\/wp\/v2\/types\/post"}],"author":[{"embeddable":true,"href":"http:\/\/desarrollo.grupomedios.com\/futbol\/wp-json\/wp\/v2\/users\/20"}],"replies":[{"embeddable":true,"href":"http:\/\/desarrollo.grupomedios.com\/futbol\/wp-json\/wp\/v2\/comments?post=448771"}],"version-history":[{"count":0,"href":"http:\/\/desarrollo.grupomedios.com\/futbol\/wp-json\/wp\/v2\/posts\/448771\/revisions"}],"wp:featuredmedia":[{"embeddable":true,"href":"http:\/\/desarrollo.grupomedios.com\/futbol\/wp-json\/wp\/v2\/media\/436341"}],"wp:attachment":[{"href":"http:\/\/desarrollo.grupomedios.com\/futbol\/wp-json\/wp\/v2\/media?parent=448771"}],"wp:term":[{"taxonomy":"category","embeddable":true,"href":"http:\/\/desarrollo.grupomedios.com\/futbol\/wp-json\/wp\/v2\/categories?post=448771"},{"taxonomy":"post_tag","embeddable":true,"href":"http:\/\/desarrollo.grupomedios.com\/futbol\/wp-json\/wp\/v2\/tags?post=448771"}],"curies":[{"name":"wp","href":"https:\/\/api.w.org\/{rel}","templated":true}]}}