{"id":448811,"date":"2016-12-14T22:10:20","date_gmt":"2016-12-15T04:10:20","guid":{"rendered":"https:\/\/www.futboltotal.com.mx\/?p=448811"},"modified":"2016-12-15T13:45:55","modified_gmt":"2016-12-15T19:45:55","slug":"en-vivo-draft-liga-mx-futbol-estufa","status":"publish","type":"post","link":"http:\/\/desarrollo.grupomedios.com\/futbol\/futbol-mexicano\/en-vivo-draft-liga-mx-futbol-estufa\/2016\/12","title":{"rendered":"AS\u00cd SE VIVI\u00d3: Draft Liga MX"},"content":{"rendered":"<p>Este mi\u00e9rcoles 14 de diciembre se celebr\u00f3 el\u00a0Draft rumbo al Clausura 2017, que arroj\u00f3 46 operaciones de las cuales 14 son transferencias definitivas y 32 temporales, que dejan una cantidad gastada de\u00a0483 millones 840 mil 405 pesos. El equipo que m\u00e1s refuerzos adquiri\u00f3 fue <strong>Veracruz<\/strong>.<\/p>\n<p style=\"text-align: center;\"><a style=\"color: #3366ff;\" href=\"https:\/\/www.futboltotal.com.mx\/2016\/12\/futbol-estufa-rumbo-clausura-2017-liga-mx\/\" target=\"_blank\">LEER M\u00c1S: Futbol de Estufa | Rumbo al Clausura 2017<\/a><\/p>\n<p style=\"text-align: left;\">Jueves 15<\/p>\n<p style=\"text-align: left;\"><span style=\"color: #ff0000;\">13:12 |\u00a0<\/span>Luis Michel regresa a primera divisi\u00f3n para jugar con Xolos<\/p>\n<p>https:\/\/twitter.com\/Xolos\/status\/809476341930205184<\/p>\n<p style=\"text-align: left;\"><span style=\"color: #ff0000;\">12:04 |\u00a0<\/span>Pachuca incorpora al delantero Braian Rodr\u00edguez<\/p>\n<p>https:\/\/twitter.com\/Tuzos\/status\/809459065503903744<\/p>\n<p style=\"text-align: left;\"><span style=\"color: #ff0000;\">10:30 |<\/span>\u00a0Maximiliano Barreiro llega a Necaxa<\/p>\n<blockquote class=\"twitter-tweet\" data-width=\"500\">\n<p lang=\"es\" dir=\"ltr\">El delantero argentino, Maximiliano Barreiro, llega a los Rayos \u00a1Bienvenido! <a href=\"https:\/\/twitter.com\/hashtag\/UnidosNadaNosDetiene?src=hash\">#UnidosNadaNosDetiene<\/a> <a href=\"https:\/\/t.co\/tDAXP5x3zp\">pic.twitter.com\/tDAXP5x3zp<\/a><\/p>\n<p>&mdash; Club Necaxa (@ClubNecaxa) <a href=\"https:\/\/twitter.com\/ClubNecaxa\/status\/809435356370259970\">December 15, 2016<\/a><\/p><\/blockquote>\n<p><script async src=\"\/\/platform.twitter.com\/widgets.js\" charset=\"utf-8\"><\/script><\/p>\n<p style=\"text-align: left;\"><span style=\"color: #ff0000;\">08:56 |\u00a0<\/span>Veracruz confirma la llegada de \u00c1ngel Reyna al Puerto.<\/p>\n<p>https:\/\/twitter.com\/ClubTiburones\/status\/809411888169689088<\/p>\n<hr \/>\n<p style=\"text-align: left;\"><span style=\"color: #ff0000;\">23:51 |\u00a0<\/span>Toluca anuncia fichaje de \u00faltimo momento, Efra\u00edn Velarde deja Le\u00f3n.<\/p>\n<p>https:\/\/twitter.com\/TolucaFC\/status\/809274725566398467<\/p>\n<p style=\"text-align: left;\"><span style=\"color: #ff0000;\">20:40 |<\/span> \u00a1Finaliza el r\u00e9gimen de transferencias rumbo al Clausura 2017<\/p>\n<blockquote class=\"twitter-tweet\" data-width=\"500\">\n<p lang=\"es\" dir=\"ltr\">Se Llev\u00f3 a Cabo el R\u00e9gimen de Transferencias de la <a href=\"https:\/\/twitter.com\/hashtag\/LIGABancomerMX?src=hash\">#LIGABancomerMX<\/a> <a href=\"https:\/\/t.co\/QOB6yEB7yR\">https:\/\/t.co\/QOB6yEB7yR<\/a> <a href=\"https:\/\/t.co\/emxFmaVvLI\">pic.twitter.com\/emxFmaVvLI<\/a><\/p>\n<p>&mdash; LIGA Bancomer MX (@LIGABancomerMX) <a href=\"https:\/\/twitter.com\/LIGABancomerMX\/status\/809226356714328064\">December 15, 2016<\/a><\/p><\/blockquote>\n<p><script async src=\"\/\/platform.twitter.com\/widgets.js\" charset=\"utf-8\"><\/script><\/p>\n<p style=\"text-align: left;\"><span style=\"color: #ff0000;\">20:23 |<\/span> Mario de Luna ampl\u00eda su pr\u00e9stamo con Necaxa.<\/p>\n<blockquote class=\"twitter-tweet\" data-width=\"500\">\n<p lang=\"es\" dir=\"ltr\"><a href=\"https:\/\/twitter.com\/hashtag\/TransferenciasCL2017?src=hash\">#TransferenciasCL2017<\/a> <a href=\"https:\/\/twitter.com\/hashtag\/LIGABancomerMX?src=hash\">#LIGABancomerMX<\/a><br \/>Mario De Luna renueva pr\u00e9stamo de <a href=\"https:\/\/twitter.com\/Chivas\">@Chivas<\/a>  con <a href=\"https:\/\/twitter.com\/ClubNecaxa\">@ClubNecaxa<\/a> <br \/>\u26bd <a href=\"https:\/\/twitter.com\/hashtag\/SienteTuLiga?src=hash\">#SienteTuLiga<\/a> \u26bd <a href=\"https:\/\/twitter.com\/hashtag\/AbrazadosPorElFutbol?src=hash\">#AbrazadosPorElFutbol<\/a> <a href=\"https:\/\/t.co\/zClgyStuJw\">pic.twitter.com\/zClgyStuJw<\/a><\/p>\n<p>&mdash; LIGA Bancomer MX (@LIGABancomerMX) <a href=\"https:\/\/twitter.com\/LIGABancomerMX\/status\/809221459491127300\">December 15, 2016<\/a><\/p><\/blockquote>\n<p><script async src=\"\/\/platform.twitter.com\/widgets.js\" charset=\"utf-8\"><\/script><\/p>\n<p style=\"text-align: left;\"><span style=\"color: #ff0000;\">20:00 |<\/span> Mario Osuna deja al Quer\u00e9taro para unirse al Morelia.<\/p>\n<blockquote class=\"twitter-tweet\" data-width=\"500\">\n<p lang=\"es\" dir=\"ltr\"><a href=\"https:\/\/twitter.com\/hashtag\/TransferenciasCL2017?src=hash\">#TransferenciasCL2017<\/a> <a href=\"https:\/\/twitter.com\/hashtag\/LIGABancomerMX?src=hash\">#LIGABancomerMX<\/a><br \/>Mario Osuna va a pr\u00e9stamo de <a href=\"https:\/\/twitter.com\/Club_Queretaro\">@Club_Queretaro<\/a> a <a href=\"https:\/\/twitter.com\/FuerzaMonarca\">@FuerzaMonarca<\/a><br \/>\u26bd <a href=\"https:\/\/twitter.com\/hashtag\/SienteTuLiga?src=hash\">#SienteTuLiga<\/a> \u26bd <a href=\"https:\/\/twitter.com\/hashtag\/AbrazadosPorElFutbol?src=hash\">#AbrazadosPorElFutbol<\/a> <a href=\"https:\/\/t.co\/dZSfPcNw11\">pic.twitter.com\/dZSfPcNw11<\/a><\/p>\n<p>&mdash; LIGA Bancomer MX (@LIGABancomerMX) <a href=\"https:\/\/twitter.com\/LIGABancomerMX\/status\/809218505971302400\">December 15, 2016<\/a><\/p><\/blockquote>\n<p><script async src=\"\/\/platform.twitter.com\/widgets.js\" charset=\"utf-8\"><\/script><\/p>\n<p style=\"text-align: left;\"><span style=\"color: #ff0000;\">19:24<\/span> | Jonathan Cristaldo se incorpora a las filas del Monterrey, en calidad de pr\u00e9stamo, por un a\u00f1o.<\/p>\n<p style=\"text-align: left;\"><span style=\"color: #ff0000;\">19:20 |<\/span> Carlos Orrantia ampl\u00eda pr\u00e9stamo con la Franja.<\/p>\n<p style=\"text-align: left;\"><span style=\"color: #ff0000;\">19:08 |<\/span> OFICIAL: Nicol\u00e1s Castillo es nuevo refuerzo de los Pumas.<\/p>\n<blockquote class=\"twitter-tweet\" data-width=\"500\">\n<p lang=\"es\" dir=\"ltr\">\u00a1Bienvenido a Pumas, Nicol\u00e1s!<a href=\"https:\/\/twitter.com\/hashtag\/SoyDePumas?src=hash\">#SoyDePumas<\/a> <a href=\"https:\/\/t.co\/DUVRZHpLS8\">pic.twitter.com\/DUVRZHpLS8<\/a><\/p>\n<p>&mdash; PUMAS (@PumasMX) <a href=\"https:\/\/twitter.com\/PumasMX\/status\/809202402301620224\">December 15, 2016<\/a><\/p><\/blockquote>\n<p><script async src=\"\/\/platform.twitter.com\/widgets.js\" charset=\"utf-8\"><\/script><\/p>\n<p style=\"text-align: left;\"><span style=\"color: #ff0000;\">19:00 |<\/span> Erik Vera regresa a su cuna, pues sale de los Rayos para ingresar a las filas de los Pumas.<\/p>\n<blockquote class=\"twitter-tweet\" data-width=\"500\">\n<p lang=\"es\" dir=\"ltr\">\u00a1Bienvenido, Erik!<a href=\"https:\/\/twitter.com\/hashtag\/SoyDePumas?src=hash\">#SoyDePumas<\/a> <a href=\"https:\/\/t.co\/KoE2y4A8iy\">pic.twitter.com\/KoE2y4A8iy<\/a><\/p>\n<p>&mdash; PUMAS (@PumasMX) <a href=\"https:\/\/twitter.com\/PumasMX\/status\/809201103547969536\">December 15, 2016<\/a><\/p><\/blockquote>\n<p><script async src=\"\/\/platform.twitter.com\/widgets.js\" charset=\"utf-8\"><\/script><\/p>\n<p style=\"text-align: left;\"><span style=\"color: #ff0000;\">18:56 |<\/span> Gerardo Lugo llega a pr\u00e9stamo con los Gallos Blancos de Quer\u00e9taro.<\/p>\n<p>https:\/\/twitter.com\/Club_Queretaro\/status\/809198714514526208<\/p>\n<p style=\"text-align: left;\">\u00a0<span style=\"color: #ff0000;\">18:50 |<\/span> Santos anuncia el pase de Mart\u00edn Bravo a los Tiburones Rojos del Veracruz.<\/p>\n<p style=\"text-align: left;\"><span style=\"color: #ff0000;\">18:30 |<\/span> Fidel Mart\u00ednez es nuevo jugador del Atlas.<\/p>\n<p style=\"text-align: left;\"><span style=\"color: #ff0000;\">17:40 |<\/span> \u00a1Sali\u00f3 la primera bomba! Gabriel Pe\u00f1alba es nuevo jugador de Cruz Azul.<\/p>\n<blockquote class=\"twitter-tweet\" data-width=\"500\">\n<p lang=\"es\" dir=\"ltr\"><a href=\"https:\/\/twitter.com\/hashtag\/TransferenciasCL2017?src=hash\">#TransferenciasCL2017<\/a> <a href=\"https:\/\/twitter.com\/hashtag\/LIGABancomerMX?src=hash\">#LIGABancomerMX<\/a><br \/>Gabriel Pe\u00f1alba pasa de <a href=\"https:\/\/twitter.com\/ClubTiburones\">@ClubTiburones<\/a> a <a href=\"https:\/\/twitter.com\/Cruz_Azul_FC\">@Cruz_Azul_FC<\/a><br \/>\u26bd <a href=\"https:\/\/twitter.com\/hashtag\/SienteTuLiga?src=hash\">#SienteTuLiga<\/a> \u26bd <a href=\"https:\/\/twitter.com\/hashtag\/AbrazadosPorElFutbol?src=hash\">#AbrazadosPorElFutbol<\/a> <a href=\"https:\/\/t.co\/s9iZNhjF2E\">pic.twitter.com\/s9iZNhjF2E<\/a><\/p>\n<p>&mdash; LIGA Bancomer MX (@LIGABancomerMX) <a href=\"https:\/\/twitter.com\/LIGABancomerMX\/status\/809178869836185600\">December 14, 2016<\/a><\/p><\/blockquote>\n<p><script async src=\"\/\/platform.twitter.com\/widgets.js\" charset=\"utf-8\"><\/script><\/p>\n<p style=\"text-align: left;\"><span style=\"color: #ff0000;\">17:20 |<\/span> El brasile\u00f1o Lucas Silva llega a Chiapas. Es pr\u00e9stamo por parte de Cruz Azul.<\/p>\n<blockquote class=\"twitter-tweet\" data-width=\"500\">\n<p lang=\"es\" dir=\"ltr\">\u00a1Mucho \u00c9xito! Lucas Silva transferencia temporal a <a href=\"https:\/\/twitter.com\/Chiapas_FC\">@Chiapas_FC<\/a> <a href=\"https:\/\/twitter.com\/hashtag\/transferenciasc17?src=hash\">#transferenciasc17<\/a> <a href=\"https:\/\/twitter.com\/LIGABancomerMX\">@LIGABancomerMX<\/a> <a href=\"https:\/\/t.co\/PWWgpvvEHg\">pic.twitter.com\/PWWgpvvEHg<\/a><\/p>\n<p>&mdash; CRUZ AZUL FC \u00ae (@Cruz_Azul_FC) <a href=\"https:\/\/twitter.com\/Cruz_Azul_FC\/status\/809176009983590402\">December 14, 2016<\/a><\/p><\/blockquote>\n<p><script async src=\"\/\/platform.twitter.com\/widgets.js\" charset=\"utf-8\"><\/script><\/p>\n<p style=\"text-align: left;\"><span style=\"color: #ff0000;\">17:15 |<\/span> Chivas hace oficial el pr\u00e9stamo de Antonio Rodr\u00edguez a Le\u00f3n.<\/p>\n<blockquote class=\"twitter-tweet\" data-width=\"500\">\n<p lang=\"es\" dir=\"ltr\">OFICIAL: <a href=\"https:\/\/twitter.com\/TonoRodriguez1\">@TonoRodriguez1<\/a> pasa a Le\u00f3n en pr\u00e9stamo. \u00a1Suerte en este nuevo proyecto &#39;To\u00f1o&#39;! <a href=\"https:\/\/t.co\/KRqK09Vnk2\">pic.twitter.com\/KRqK09Vnk2<\/a><\/p>\n<p>&mdash; CHIVAS (@Chivas) <a href=\"https:\/\/twitter.com\/Chivas\/status\/809173638880563200\">December 14, 2016<\/a><\/p><\/blockquote>\n<p><script async src=\"\/\/platform.twitter.com\/widgets.js\" charset=\"utf-8\"><\/script><\/p>\n<p style=\"text-align: left;\"><span style=\"color: #ff0000;\">17:00 |<\/span> Se anuncia la llegada de Hiram Mier a Quer\u00e9taro.<\/p>\n<blockquote class=\"twitter-tweet\" data-width=\"500\">\n<p lang=\"es\" dir=\"ltr\">\u00a1OFICIAL! <a href=\"https:\/\/twitter.com\/HiramMier21\">@HiramMier21<\/a> es nuevo refuerzo de <a href=\"https:\/\/twitter.com\/hashtag\/Gallos?src=hash\">#Gallos<\/a>, llega a pr\u00e9stamo por un a\u00f1o con opci\u00f3n a compra. \u00a1Bienvenido! <a href=\"https:\/\/twitter.com\/hashtag\/SiempreGallos?src=hash\">#SiempreGallos<\/a> <a href=\"https:\/\/t.co\/hqnmPAmdrz\">pic.twitter.com\/hqnmPAmdrz<\/a><\/p>\n<p>&mdash; Gallos de Quer\u00e9taro (@Club_Queretaro) <a href=\"https:\/\/twitter.com\/Club_Queretaro\/status\/809169959637155841\">December 14, 2016<\/a><\/p><\/blockquote>\n<p><script async src=\"\/\/platform.twitter.com\/widgets.js\" charset=\"utf-8\"><\/script><\/p>\n<p style=\"text-align: left;\"><span style=\"color: #ff0000;\">16:40 |<\/span> Carlos Guzm\u00e1n, Campe\u00f3n del Mundo Sub 17 est\u00e1 en la \u00f3rbita de Morelia, Le\u00f3n, Necaxa y Toluca.<\/p>\n<p style=\"text-align: left;\"><span style=\"color: #ff0000;\">16:20 |<\/span> En las \u00faltimas horas ha sonado la llegada de Mat\u00edas Britos a Cruz Azul.<\/p>\n<p style=\"text-align: left;\"><span style=\"color: #ff0000;\">16:00 |<\/span> El d\u00eda de ma\u00f1ana se realizar\u00e1 el sorteo de la Copa MX. Tigres, Am\u00e9rica, Chivas y Monterrey se integran al torneo.<\/p>\n<p style=\"text-align: left;\"><span style=\"color: #ff0000;\">15:45 |<\/span> Cruz Azul anuncia el pase de forma definitiva de Jer\u00f3nimo Amione a Puebla.<\/p>\n<blockquote class=\"twitter-tweet\" data-width=\"500\">\n<p lang=\"es\" dir=\"ltr\">\u00a1Mucho \u00e9xito! <a href=\"https:\/\/twitter.com\/jeroamione\">@jeroamione<\/a> transferencia definitiva a <a href=\"https:\/\/twitter.com\/ClubPueblaMX\">@ClubPueblaMX<\/a> <a href=\"https:\/\/twitter.com\/hashtag\/TransferenciasC17?src=hash\">#TransferenciasC17<\/a> <a href=\"https:\/\/twitter.com\/LIGABancomerMX\">@LIGABancomerMX<\/a> <a href=\"https:\/\/t.co\/1ISArGdecd\">pic.twitter.com\/1ISArGdecd<\/a><\/p>\n<p>&mdash; CRUZ AZUL FC \u00ae (@Cruz_Azul_FC) <a href=\"https:\/\/twitter.com\/Cruz_Azul_FC\/status\/809151856106672128\">December 14, 2016<\/a><\/p><\/blockquote>\n<p><script async src=\"\/\/platform.twitter.com\/widgets.js\" charset=\"utf-8\"><\/script><\/p>\n<p style=\"text-align: left;\"><span style=\"color: #ff0000;\">15:35 |<\/span>\u00a0Carlos Gerardo Rodr\u00edguez deja a Toluca y es nuevo jugador de Monarcas. Llega a pr\u00e9stamo por seis meses.<\/p>\n<p>https:\/\/twitter.com\/FuerzaMonarca\/status\/809149422785404928<\/p>\n<p style=\"text-align: left;\"><span style=\"color: #ff0000;\">15:20 |<\/span> Monarcas informa que Aldo Rocha llega a pr\u00e9stamo para el Clausura 2017.<\/p>\n<blockquote class=\"twitter-tweet\" data-width=\"500\">\n<p lang=\"es\" dir=\"ltr\"><a href=\"https:\/\/twitter.com\/hashtag\/TransferenciasCL2017?src=hash\">#TransferenciasCL2017<\/a> <a href=\"https:\/\/twitter.com\/Rocha29Aldo\">@Rocha29Aldo<\/a> llega a pr\u00e9stamo por 6 meses procedente de <a href=\"https:\/\/twitter.com\/clubleonfc\">@clubleonfc<\/a>, \u00a1luchemos juntos! <a href=\"https:\/\/t.co\/FkQMRhM3pI\">pic.twitter.com\/FkQMRhM3pI<\/a><\/p>\n<p>&mdash; Monarcas Morelia (@FuerzaMonarca) <a href=\"https:\/\/twitter.com\/FuerzaMonarca\/status\/809141826670235653\">December 14, 2016<\/a><\/p><\/blockquote>\n<p><script async src=\"\/\/platform.twitter.com\/widgets.js\" charset=\"utf-8\"><\/script><\/p>\n<p style=\"text-align: left;\"><span style=\"color: #ff0000;\">15:10 |<\/span> La Liga Bancomer MX anuncia que Chiapas cumpli\u00f3 con el pago de su adeudo y podr\u00e1 fichar en el Draft.<\/p>\n<blockquote class=\"twitter-tweet\" data-width=\"500\">\n<p lang=\"es\" dir=\"ltr\">Informamos que, despu\u00e9s de cubrir sus adeudos, el Club <a href=\"https:\/\/twitter.com\/Chiapas_FC\">@Chiapas_FC<\/a> opera de manera normal en el R\u00e9gimen de Transferencias.<\/p>\n<p>&mdash; LIGA Bancomer MX (@LIGABancomerMX) <a href=\"https:\/\/twitter.com\/LIGABancomerMX\/status\/809144869893636098\">December 14, 2016<\/a><\/p><\/blockquote>\n<p><script async src=\"\/\/platform.twitter.com\/widgets.js\" charset=\"utf-8\"><\/script><\/p>\n<p style=\"text-align: left;\"><span style=\"color: #ff0000;\">14:55 |<\/span> Toluca hace oficial la contrataci\u00f3n de Gabriel Hauche. El argentino llega procedente de Xolos.<\/p>\n<p>https:\/\/twitter.com\/TolucaFC\/status\/809138386325934080<\/p>\n<p style=\"text-align: left;\"><span style=\"color: #ff0000;\">14:45<\/span> | A pesar de que a\u00fan se desconoce si podr\u00e1n fichar, Chiapas ya anuncia los precios para su partido frente a Am\u00e9rica.<\/p>\n<blockquote class=\"twitter-tweet\" data-width=\"500\">\n<p lang=\"es\" dir=\"ltr\"><a href=\"https:\/\/twitter.com\/hashtag\/BonoJaguar?src=hash\">#BonoJaguar<\/a> Unidos lo lograremos, compra tu bono y apoya al equipo de Chiapas <a href=\"https:\/\/twitter.com\/hashtag\/SiempreSer%C3%A9Jaguar?src=hash\">#SiempreSer\u00e9Jaguar<\/a> <a href=\"https:\/\/t.co\/UiDATB93B6\">pic.twitter.com\/UiDATB93B6<\/a><\/p>\n<p>&mdash; Chiapas Jaguar (@Chiapas_FC) <a href=\"https:\/\/twitter.com\/Chiapas_FC\/status\/809135348248903680\">December 14, 2016<\/a><\/p><\/blockquote>\n<p><script async src=\"\/\/platform.twitter.com\/widgets.js\" charset=\"utf-8\"><\/script><\/p>\n<p style=\"text-align: left;\"><span style=\"color: #ff0000;\">14:30 |<\/span> La incertidumbre se mantienen en el Draft con la posible llegada de Dayro Moreno a Atlas o \u00a0Cruz Azul.<\/p>\n<p style=\"text-align: left;\"><span style=\"color: #ff0000;\">14:15 |<\/span> El portero chileno Christopher Toselli podr\u00eda llegar a la Liga MX. Primero se habl\u00f3 de Cruz Azul aunque parece que Pumas tambi\u00e9n estar\u00eda interesado en el jugador de la Universidad Cat\u00f3lica.<\/p>\n<p style=\"text-align: left;\"><span style=\"color: #ff0000;\">14:00 |<\/span> La Liga MX inicia el Draft oficialmente y lo hace con la confirmaci\u00f3n de los refuerzos que ya se conoc\u00edan, como el pase de Jonathan Orozco de Monterrey a Santos.<\/p>\n<blockquote class=\"twitter-tweet\" data-width=\"500\">\n<p lang=\"es\" dir=\"ltr\"><a href=\"https:\/\/twitter.com\/hashtag\/TransferenciasCL2017?src=hash\">#TransferenciasCL2017<\/a> Jonathan Orozco pasa de <a href=\"https:\/\/twitter.com\/Rayados\">@Rayados<\/a> a <a href=\"https:\/\/twitter.com\/ClubSantos\">@ClubSantos<\/a> <br \/>\u26bd <a href=\"https:\/\/twitter.com\/hashtag\/SienteTuLiga?src=hash\">#SienteTuLiga<\/a> \u26bd <a href=\"https:\/\/twitter.com\/hashtag\/AbrazadosPorElFutbol?src=hash\">#AbrazadosPorElFutbol<\/a> <a href=\"https:\/\/t.co\/lPtrIQWF8h\">pic.twitter.com\/lPtrIQWF8h<\/a><\/p>\n<p>&mdash; LIGA Bancomer MX (@LIGABancomerMX) <a href=\"https:\/\/twitter.com\/LIGABancomerMX\/status\/809123574288154624\">December 14, 2016<\/a><\/p><\/blockquote>\n<p><script async src=\"\/\/platform.twitter.com\/widgets.js\" charset=\"utf-8\"><\/script><\/p>\n<p style=\"text-align: left;\"><span style=\"color: #ff0000;\">13:40 |<\/span> Ante la ca\u00edda del fichaje de Miguel Ponce, Toluca buscar\u00eda al argentino Nicol\u00e1s Tagliafico para reforzar su lateral izquierda.<\/p>\n<p style=\"text-align: left;\"><span style=\"color: #ff0000;\">13:25 |<\/span> Monarcas anuncia la renovaci\u00f3n del pr\u00e9stamo de Emmanuel Loeschbor<\/p>\n<blockquote class=\"twitter-tweet\" data-width=\"500\">\n<p lang=\"es\" dir=\"ltr\"><a href=\"https:\/\/twitter.com\/hashtag\/TransferenciasCL2017?src=hash\">#TransferenciasCL2017<\/a><a href=\"https:\/\/twitter.com\/Manuchol\">@Manuchol<\/a> renueva con nosotros 1 a\u00f1o m\u00e1s, \u00a1a seguir luchando en cada partido Emanuel! <a href=\"https:\/\/t.co\/4tSQNrRNOF\">pic.twitter.com\/4tSQNrRNOF<\/a><\/p>\n<p>&mdash; Monarcas Morelia (@FuerzaMonarca) <a href=\"https:\/\/twitter.com\/FuerzaMonarca\/status\/809116891797196805\">December 14, 2016<\/a><\/p><\/blockquote>\n<p><script async src=\"\/\/platform.twitter.com\/widgets.js\" charset=\"utf-8\"><\/script><\/p>\n<p style=\"text-align: left;\"><span style=\"color: #ff0000;\">12:55 |<\/span> Santos se une a la pelea con Xolos por Fidel Mart\u00ednez.<\/p>\n<p style=\"text-align: left;\"><span style=\"color: #ff0000;\">12:50 |<\/span> Fernando Fern\u00e1ndez, delantero paraguayo de Tigres, podr\u00eda ser nuevo atacante del Toluca.<\/p>\n<p style=\"text-align: left;\"><a href=\"https:\/\/www.futboltotal.com.mx\/wp-content\/uploads\/2016\/12\/fernando-fernandes-tigres-toluca.jpg\"><img decoding=\"async\" loading=\"lazy\" class=\"alignnone size-full wp-image-448923\" src=\"https:\/\/www.futboltotal.com.mx\/wp-content\/uploads\/2016\/12\/fernando-fernandes-tigres-toluca.jpg\" alt=\"fernando-fernandes-tigres-toluca\" srcset=\"http:\/\/desarrollo.grupomedios.com\/futbol\/wp-content\/uploads\/2016\/12\/fernando-fernandes-tigres-toluca.jpg 1136w, http:\/\/desarrollo.grupomedios.com\/futbol\/wp-content\/uploads\/2016\/12\/fernando-fernandes-tigres-toluca-300x169.jpg 300w, http:\/\/desarrollo.grupomedios.com\/futbol\/wp-content\/uploads\/2016\/12\/fernando-fernandes-tigres-toluca-768x432.jpg 768w, http:\/\/desarrollo.grupomedios.com\/futbol\/wp-content\/uploads\/2016\/12\/fernando-fernandes-tigres-toluca-1024x576.jpg 1024w, http:\/\/desarrollo.grupomedios.com\/futbol\/wp-content\/uploads\/2016\/12\/fernando-fernandes-tigres-toluca-317x178.jpg 317w, http:\/\/desarrollo.grupomedios.com\/futbol\/wp-content\/uploads\/2016\/12\/fernando-fernandes-tigres-toluca-535x301.jpg 535w, http:\/\/desarrollo.grupomedios.com\/futbol\/wp-content\/uploads\/2016\/12\/fernando-fernandes-tigres-toluca-374x210.jpg 374w\" sizes=\"(max-width: 1136px) 100vw, 1136px\" \/><\/a><\/p>\n<p style=\"text-align: left;\"><span style=\"color: #ff0000;\">12:30 |<\/span> El contenci\u00f3n uruguayo de Jaguares Chiapas, Egidio Ar\u00e9valo R\u00edos, podr\u00eda llegar a Veracruz.<\/p>\n<p style=\"text-align: left;\"><span style=\"color: #ff0000;\">12:05 |<\/span> Puebla anuncia la contrataci\u00f3n del uruguayo Osvaldo Centuri\u00f3n. Llega proveniente de Cerro.<\/p>\n<p>https:\/\/twitter.com\/ClubPueblaMX\/status\/809097053406162948<\/p>\n<p style=\"text-align: left;\"><span style=\"color: #ff0000;\">11:40 |<\/span> El delantero ecuatoriano Jonathan Alvez es nuevo jugador de Necaxa. Llega procediente del Barcelona de Guayaquil.<\/p>\n<p style=\"text-align: left;\"><span style=\"color: #ff0000;\">11:30 |<\/span> Nico S\u00e1nchez, defensa de Racing de Avellaneda, estar\u00eda cerca de llegar a Monterrey.<\/p>\n<p style=\"text-align: left;\"><span style=\"color: #ff0000;\">11:15 |<\/span> Tras la posible salida del argentino Hauche, Fidel Mart\u00ednez estar\u00eda regresando a Xolos.<\/p>\n<p style=\"text-align: left;\"><span style=\"color: #ff0000;\">11:10 |<\/span> Parece que hay movimiento con los Diablos Rojos. A falta de hacerse oficial, Gabriel Hauche estar\u00eda pasando de Tijuana a Toluca.<\/p>\n<p style=\"text-align: left;\"><span style=\"color: #ff0000;\">10:20 |\u00a0<\/span>Por ahora Tigres, Toluca y Xolos no han anunciado ninguna incorporaci\u00f3n.<\/p>\n<p style=\"text-align: left;\"><span style=\"color: #ff0000;\">10:00 |\u00a0<\/span><strong>Veracruz<\/strong> negocia con<strong> Pumas<\/strong> los <a href=\"https:\/\/www.futboltotal.com.mx\/2016\/12\/herrera-alatorre-refuerzos-del-veracruz\/\" target=\"_blank\">pr\u00e9stamos por seis meses de Eduardo Herrera y Marcelo Alatorre<\/a>.<\/p>\n<p style=\"text-align: left;\"><a href=\"https:\/\/www.futboltotal.com.mx\/wp-content\/uploads\/2016\/08\/paco-palencia-eduardo-herrera-pumas.jpg\"><img decoding=\"async\" loading=\"lazy\" class=\"alignnone size-full wp-image-416067\" src=\"https:\/\/www.futboltotal.com.mx\/wp-content\/uploads\/2016\/08\/paco-palencia-eduardo-herrera-pumas.jpg\" alt=\"paco-palencia-eduardo-herrera-pumas\" srcset=\"http:\/\/desarrollo.grupomedios.com\/futbol\/wp-content\/uploads\/2016\/08\/paco-palencia-eduardo-herrera-pumas.jpg 858w, http:\/\/desarrollo.grupomedios.com\/futbol\/wp-content\/uploads\/2016\/08\/paco-palencia-eduardo-herrera-pumas-300x151.jpg 300w, http:\/\/desarrollo.grupomedios.com\/futbol\/wp-content\/uploads\/2016\/08\/paco-palencia-eduardo-herrera-pumas-768x386.jpg 768w, http:\/\/desarrollo.grupomedios.com\/futbol\/wp-content\/uploads\/2016\/08\/paco-palencia-eduardo-herrera-pumas-340x171.jpg 340w\" sizes=\"(max-width: 858px) 100vw, 858px\" \/><\/a><\/p>\n<p style=\"text-align: left;\">-Estas son las incorporaciones m\u00e1s destacadas de los 18 clubes de la Liga MX.<\/p>\n<p style=\"text-align: left;\">&#8211; Am\u00e9rica dej\u00f3 ir a Ventura Alvarado, Osvaldo Mart\u00ednez, y Jes\u00fas Moreno. Tiene pendiente definir el futuro de los porteros Mois\u00e9s Mu\u00f1oz tras<a href=\"https:\/\/www.futboltotal.com.mx\/2016\/12\/santos-anuncia-pase-marchesin-al-america\/\" target=\"_blank\"> fichar a Agust\u00edn Marches\u00edn.<\/a><\/p>\n<blockquote class=\"twitter-tweet\" data-lang=\"es\">\n<p dir=\"ltr\" lang=\"es\"><a href=\"https:\/\/twitter.com\/hashtag\/SantosInforma?src=hash\">#SantosInforma<\/a>: Anunciamos la transferencia de <a href=\"https:\/\/twitter.com\/hashtag\/Marches%C3%ADn?src=hash\">#Marches\u00edn<\/a> a <a href=\"https:\/\/twitter.com\/ClubAmerica\">@ClubAmerica<\/a>. Gracias por tu esfuerzo y entrega. \u00a1Mucho \u00e9xito, <a href=\"https:\/\/twitter.com\/hashtag\/Guerrero?src=hash\">#Guerrero<\/a>! <a href=\"https:\/\/t.co\/TgH913p8K4\">pic.twitter.com\/TgH913p8K4<\/a><\/p>\n<p>\u2014 ClubSantosLaguna (@ClubSantos) <a href=\"https:\/\/twitter.com\/ClubSantos\/status\/804789033096228864\">2 de diciembre de 2016<\/a><\/p><\/blockquote>\n<p><script async=\"\" src=\"\/\/platform.twitter.com\/widgets.js\" charset=\"utf-8\"><\/script><\/p>\n<p><em>&#8211; Rayados<\/em> de Monterrey tiene como incorporaciones a Luis Fuentes, procedente de Pumas, Marco Bueno, Jes\u00fas Molina y adem\u00e1s <a href=\"https:\/\/www.futboltotal.com.mx\/2016\/12\/mohamed-anuncia-la-llegada-hugo-gonzalez-a-rayados\/\">ha fichado a Hugo Gonz\u00e1lez, para suplir a Jonathan Orozco.<\/a><\/p>\n<p><a href=\"https:\/\/www.futboltotal.com.mx\/wp-content\/uploads\/2016\/11\/Hugo-Gonzalez.jpg\"><img decoding=\"async\" loading=\"lazy\" class=\"alignnone size-full wp-image-444261\" src=\"https:\/\/www.futboltotal.com.mx\/wp-content\/uploads\/2016\/11\/Hugo-Gonzalez.jpg\" alt=\"hugo-gonzalez\" srcset=\"http:\/\/desarrollo.grupomedios.com\/futbol\/wp-content\/uploads\/2016\/11\/Hugo-Gonzalez.jpg 858w, http:\/\/desarrollo.grupomedios.com\/futbol\/wp-content\/uploads\/2016\/11\/Hugo-Gonzalez-300x151.jpg 300w, http:\/\/desarrollo.grupomedios.com\/futbol\/wp-content\/uploads\/2016\/11\/Hugo-Gonzalez-768x386.jpg 768w, http:\/\/desarrollo.grupomedios.com\/futbol\/wp-content\/uploads\/2016\/11\/Hugo-Gonzalez-340x171.jpg 340w\" sizes=\"(max-width: 858px) 100vw, 858px\" \/><\/a><\/p>\n<p>&#8211; Chivas le dio las gracias al <em>Gullit<\/em> Pe\u00f1a y ya tiene su<a href=\"https:\/\/www.futboltotal.com.mx\/2016\/12\/oficial-rodolfo-pizarro-refuerzo-chivas\/\" target=\"_blank\"> primera contrataci\u00f3n<\/a>: Rodolfo Pizarro, mediocampista de 22 a\u00f1os procedente del Pachuca.<\/p>\n<blockquote class=\"twitter-tweet\" data-lang=\"es\"><p>&#x1f1eb;&#x1f1f7; Somos el equipo de <a href=\"https:\/\/twitter.com\/hashtag\/PuroMexicano?src=hash\">#PuroMexicano<\/a> que retumba en todos los estadios y <a href=\"https:\/\/twitter.com\/Rpizarrot\">@Rpizarrot<\/a> lo sabe. &#x1f1eb;&#x1f1f7; <a href=\"https:\/\/twitter.com\/hashtag\/UnidosSomosCA3RONES?src=hash\">#UnidosSomosCA3RONES<\/a> &#x1f44a; <a href=\"https:\/\/t.co\/TdaAMgMQqo\">pic.twitter.com\/TdaAMgMQqo<\/a><\/p>\n<p>\u2014 CHIVAS (@Chivas) <a href=\"https:\/\/twitter.com\/Chivas\/status\/808891525732192256\">14 de diciembre de 2016<\/a><\/p><\/blockquote>\n<p><script async=\"\" src=\"\/\/platform.twitter.com\/widgets.js\" charset=\"utf-8\"><\/script><\/p>\n<p>&#8211; Pumas no dio lista de transferibles y por ahora solo tiene confirmada la llegada de Bryan Rabello y las bajas de Saul Berj\u00f3n y Luis Fuentes, quien se va a Monterrey despu\u00e9s de 10 a\u00f1os en el club.<\/p>\n<blockquote class=\"twitter-tweet\" data-lang=\"es\">\n<p dir=\"ltr\" lang=\"es\">\u00a1Bienvenido, Bryan! <a href=\"https:\/\/twitter.com\/hashtag\/SoyDePumas?src=hash\">#SoyDePumas<\/a> <a href=\"https:\/\/t.co\/QCfSvtqbo9\">pic.twitter.com\/QCfSvtqbo9<\/a><\/p>\n<p>\u2014 PUMAS (@PumasMX) <a href=\"https:\/\/twitter.com\/PumasMX\/status\/804020299905777668\">30 de noviembre de 2016<\/a><\/p><\/blockquote>\n<p><script async=\"\" src=\"\/\/platform.twitter.com\/widgets.js\" charset=\"utf-8\"><\/script><\/p>\n<p>&#8211; Cruz Azul solo tiene confirmada la llegada del volante ofensivo ecuatoriano \u00c1ngel Mena.<\/p>\n<p><a href=\"https:\/\/www.futboltotal.com.mx\/wp-content\/uploads\/2016\/12\/ANgel-Mena.jpg\"><img decoding=\"async\" loading=\"lazy\" class=\"alignnone size-full wp-image-447150\" src=\"https:\/\/www.futboltotal.com.mx\/wp-content\/uploads\/2016\/12\/ANgel-Mena.jpg\" alt=\"angel-mena\" srcset=\"http:\/\/desarrollo.grupomedios.com\/futbol\/wp-content\/uploads\/2016\/12\/ANgel-Mena.jpg 858w, http:\/\/desarrollo.grupomedios.com\/futbol\/wp-content\/uploads\/2016\/12\/ANgel-Mena-300x151.jpg 300w, http:\/\/desarrollo.grupomedios.com\/futbol\/wp-content\/uploads\/2016\/12\/ANgel-Mena-768x386.jpg 768w, http:\/\/desarrollo.grupomedios.com\/futbol\/wp-content\/uploads\/2016\/12\/ANgel-Mena-340x171.jpg 340w\" sizes=\"(max-width: 858px) 100vw, 858px\" \/><\/a><\/p>\n<p>&#8211; Pachuca invirti\u00f3 parte de los 14 millones de d\u00f3lares que gan\u00f3 por Pizarro, en la contrataci\u00f3n de dos j\u00f3venes del ascenso del superl\u00edder Celaya.<\/p>\n<blockquote class=\"twitter-tweet\" data-lang=\"es\"><p>\u00a1Bienvenidos a Pachuca!<\/p>\n<p>Roberto Alvarado y Sergio Vergara provenientes de <a href=\"https:\/\/twitter.com\/TorosCelayaCD\">@TorosCelayaCD<\/a> llegan a los Tuzos<a href=\"https:\/\/t.co\/ayNiGw1Cb6\">https:\/\/t.co\/ayNiGw1Cb6<\/a> <a href=\"https:\/\/t.co\/elvXKRbnP9\">pic.twitter.com\/elvXKRbnP9<\/a><\/p>\n<p>\u2014 Club Pachuca (@Tuzos) <a href=\"https:\/\/twitter.com\/Tuzos\/status\/808789087578628096\">13 de diciembre de 2016<\/a><\/p><\/blockquote>\n<p><script async=\"\" src=\"\/\/platform.twitter.com\/widgets.js\" charset=\"utf-8\"><\/script><\/p>\n<p>-Santos tiene hasta ahora cinco refuerzos: Jonathan Orozco, Chat\u00f3n Enr\u00edquez, Julio Furch, Ventura Alvarado y Osvaldito Mart\u00ednez.<\/p>\n<blockquote class=\"twitter-tweet\" data-lang=\"es\">\n<p dir=\"ltr\" lang=\"es\">Nuestros <a href=\"https:\/\/twitter.com\/hashtag\/RefuerzosGuerreros?src=hash\">#RefuerzosGuerreros<\/a> lucen por primera vez los colores de <a href=\"https:\/\/twitter.com\/ClubSantos\">@ClubSantos<\/a>. \u00a1A dejar el coraz\u00f3n en la cancha! &#x1f4aa;&#x1f3fb; <a href=\"https:\/\/t.co\/NWtMUUU8Py\">pic.twitter.com\/NWtMUUU8Py<\/a><\/p>\n<p>\u2014 ClubSantosLaguna (@ClubSantos) <a href=\"https:\/\/twitter.com\/ClubSantos\/status\/805904100361695232\">5 de diciembre de 2016<\/a><\/p><\/blockquote>\n<p><script async=\"\" src=\"\/\/platform.twitter.com\/widgets.js\" charset=\"utf-8\"><\/script><br \/>\n&#8211; Despu\u00e9s de poner transferible a todo la plantilla, el <strong>Veracruz<\/strong> es el club que m\u00e1s se ha reforzado. Sus refuerzos son: Mart\u00edn Bravo y Fredy Hiniestroza (<a href=\"https:\/\/www.futboltotal.com.mx\/2016\/11\/santos-traspasa-a-bravo-e-hiniestroza\/\">Santos<\/a>), Kristian \u00c1lvarez (<a href=\"https:\/\/www.futboltotal.com.mx\/2016\/11\/veracruz-anuncio-a-kristian-alvarez-refuerzo\/\">Santos<\/a>), Javier Orozco (<a href=\"https:\/\/www.futboltotal.com.mx\/2016\/11\/javier-chuletita-orozco-nuevo-refuerzo-veracruz\/\">Jaguares<\/a>) y Antonio Brise\u00f1o (<a href=\"https:\/\/www.futboltotal.com.mx\/2016\/12\/antonio-briseno-regresa-a-la-liga-mx\/\">FC Ju\u00e1rez<\/a>), Felipe Flores (<a href=\"https:\/\/www.futboltotal.com.mx\/2016\/12\/felipe-flores-nuevo-refuerzo-del-veracruz\/\" target=\"_blank\">Sin equipo<\/a>) Jefferson Murillo (<a href=\"https:\/\/www.futboltotal.com.mx\/2016\/12\/veracruz-nuevo-refuerzo-colombiano\/\">C\u00facuta<\/a>)<\/p>\n<p>-Morelia oficializ\u00f3 la llegada del defensa central ecuatoriano Gabriel Achilier como su primer refuerzo para el Clausura 2017.<\/p>\n<blockquote class=\"twitter-tweet\" data-lang=\"es\"><p>Te presentamos algunos datos de nuestro nuevo refuerzo, <a href=\"https:\/\/twitter.com\/GabrielAchilier\">@GabrielAchilier<\/a>, \u00a1fortaleza y liderazgo para encarar el <a href=\"https:\/\/twitter.com\/hashtag\/CL2017?src=hash\">#CL2017<\/a>! <a href=\"https:\/\/t.co\/jd37IrOTUE\">pic.twitter.com\/jd37IrOTUE<\/a><\/p>\n<p>\u2014 Monarcas Morelia (@FuerzaMonarca) <a href=\"https:\/\/twitter.com\/FuerzaMonarca\/status\/808861398356914176\">14 de diciembre de 2016<\/a><\/p><\/blockquote>\n<p><script async=\"\" src=\"\/\/platform.twitter.com\/widgets.js\" charset=\"utf-8\"><\/script><br \/>\n&#8211; Necaxa volvi\u00f3 a pescar fichaje en Chile y anunci\u00f3 la llegada del mediocampista Nicol\u00e1s Maturana.<\/p>\n<blockquote class=\"twitter-tweet\" data-lang=\"es\">\n<p dir=\"ltr\" lang=\"es\">.<a href=\"https:\/\/twitter.com\/ClubNecaxa\">@ClubNecaxa<\/a> informa que se ha llegado a un acuerdo con Nicol\u00e1s Maturana para formar parte de los Rayos a partir del 1 de enero <a href=\"https:\/\/twitter.com\/hashtag\/FuerzaRayos?src=hash\">#FuerzaRayos<\/a> <a href=\"https:\/\/t.co\/7C2Ou0BH4I\">pic.twitter.com\/7C2Ou0BH4I<\/a><\/p>\n<p>\u2014 Club Necaxa (@ClubNecaxa) <a href=\"https:\/\/twitter.com\/ClubNecaxa\/status\/808408975511355392\">12 de diciembre de 2016<\/a><\/p><\/blockquote>\n<p><script async=\"\" src=\"\/\/platform.twitter.com\/widgets.js\" charset=\"utf-8\"><\/script><\/p>\n","protected":false},"excerpt":{"rendered":"<p>Las altas, bajas, y rumores en el R\u00e9gimen de Transferencias en Toluca.<\/p>\n","protected":false},"author":20,"featured_media":449113,"comment_status":"closed","ping_status":"closed","sticky":false,"template":"","format":"standard","meta":[],"categories":[7570,7740,2198,3845],"tags":[5959,5960,5961,5964,70,5962,759,5963,5965,85,5966,5967,261,5968,5969,74,5970,5972,5973,5974,5975,73,5976,6049,1673,3154],"_links":{"self":[{"href":"http:\/\/desarrollo.grupomedios.com\/futbol\/wp-json\/wp\/v2\/posts\/448811"}],"collection":[{"href":"http:\/\/desarrollo.grupomedios.com\/futbol\/wp-json\/wp\/v2\/posts"}],"about":[{"href":"http:\/\/desarrollo.grupomedios.com\/futbol\/wp-json\/wp\/v2\/types\/post"}],"author":[{"embeddable":true,"href":"http:\/\/desarrollo.grupomedios.com\/futbol\/wp-json\/wp\/v2\/users\/20"}],"replies":[{"embeddable":true,"href":"http:\/\/desarrollo.grupomedios.com\/futbol\/wp-json\/wp\/v2\/comments?post=448811"}],"version-history":[{"count":0,"href":"http:\/\/desarrollo.grupomedios.com\/futbol\/wp-json\/wp\/v2\/posts\/448811\/revisions"}],"wp:featuredmedia":[{"embeddable":true,"href":"http:\/\/desarrollo.grupomedios.com\/futbol\/wp-json\/wp\/v2\/media\/449113"}],"wp:attachment":[{"href":"http:\/\/desarrollo.grupomedios.com\/futbol\/wp-json\/wp\/v2\/media?parent=448811"}],"wp:term":[{"taxonomy":"category","embeddable":true,"href":"http:\/\/desarrollo.grupomedios.com\/futbol\/wp-json\/wp\/v2\/categories?post=448811"},{"taxonomy":"post_tag","embeddable":true,"href":"http:\/\/desarrollo.grupomedios.com\/futbol\/wp-json\/wp\/v2\/tags?post=448811"}],"curies":[{"name":"wp","href":"https:\/\/api.w.org\/{rel}","templated":true}]}}