{"id":448824,"date":"2016-12-14T09:15:42","date_gmt":"2016-12-14T15:15:42","guid":{"rendered":"https:\/\/www.futboltotal.com.mx\/?p=448824"},"modified":"2016-12-14T09:20:15","modified_gmt":"2016-12-14T15:20:15","slug":"sergio-ramos-jugara-ante-america","status":"publish","type":"post","link":"http:\/\/desarrollo.grupomedios.com\/futbol\/destacado-home\/sergio-ramos-jugara-ante-america\/2016\/12","title":{"rendered":"Sergio Ramos no jugar\u00e1 ante Am\u00e9rica"},"content":{"rendered":"<p>El capit\u00e1n del Real Madrid, <strong>Sergio Ramos<\/strong>, causar\u00e1 ma\u00f1ana baja por una sobrecarga en la semifinal del <strong>Mundial de Clubes<\/strong> de Jap\u00f3n 2016 que su club disputa contra el <strong>CF Am\u00e9rica.<\/strong><\/p>\n<blockquote><p>&#8220;Sergio ma\u00f1ana no juega. No es nada, pero se ha resentido del viaje y est\u00e1 un poco cansado&#8221;, explic\u00f3 el entrenador en rueda de prensa en el estadio Internacional de Yokohama el t\u00e9cnico franc\u00e9s.<\/p><\/blockquote>\n<p style=\"text-align: center;\"><a href=\"https:\/\/www.futboltotal.com.mx\/futbol-internacional\/\"><span style=\"color: #3366ff;\">LEER M\u00c1S: Todas las noticias de futbol internacional<\/span><\/a><\/p>\n<blockquote><p>&#8220;Ya veremos para el domingo&#8221;, se limit\u00f3 a decir Zidane en referencia a la posibilidad de alinearlo en la final del 18 de marzo si el equipo vence ma\u00f1ana a la escuadra mexicana.<\/p><\/blockquote>\n<p>El capit\u00e1n merengue ha entrenado aparte del grupo debido a una sobrecarga muscular durante las dos primeras sesiones que realiz\u00f3 el equipo desde que aterriz\u00f3 en Jap\u00f3n el pasado lunes.<\/p>\n<p><a href=\"https:\/\/www.futboltotal.com.mx\/wp-content\/uploads\/2016\/12\/Ramos.jpg\"><img decoding=\"async\" loading=\"lazy\" class=\"alignnone size-full wp-image-448826\" src=\"https:\/\/www.futboltotal.com.mx\/wp-content\/uploads\/2016\/12\/Ramos.jpg\" alt=\"ramos\" srcset=\"http:\/\/desarrollo.grupomedios.com\/futbol\/wp-content\/uploads\/2016\/12\/Ramos.jpg 858w, http:\/\/desarrollo.grupomedios.com\/futbol\/wp-content\/uploads\/2016\/12\/Ramos-300x151.jpg 300w, http:\/\/desarrollo.grupomedios.com\/futbol\/wp-content\/uploads\/2016\/12\/Ramos-768x386.jpg 768w, http:\/\/desarrollo.grupomedios.com\/futbol\/wp-content\/uploads\/2016\/12\/Ramos-340x171.jpg 340w\" sizes=\"(max-width: 858px) 100vw, 858px\" \/><\/a><\/p>\n<p>El jugador de Camas s\u00ed salt\u00f3 al c\u00e9sped hoy con el resto de compa\u00f1eros y toc\u00f3 un poco el bal\u00f3n en el entrenamiento que realiz\u00f3 el equipo en el estadio de Yokohama tras la rueda de prensa previa al encuentro de ma\u00f1ana.<\/p>\n<p>No obstante, Ramos se dedic\u00f3 a realizar carrera en solitario cuando el grupo comenz\u00f3 a hacer rondos.<\/p>\n<p>Hoy tambi\u00e9n se entren\u00f3 al margen Pepe por dolencias musculares, por lo que el central portugu\u00e9s es duda para el partido del jueves y su posici\u00f3n la podr\u00eda ocupar Nacho.<\/p>\n<p>El buen ambiente prim\u00f3 durante un entrenamiento en el que Cristiano Ronaldo, reci\u00e9n galardonado con el Bal\u00f3n de Oro y al que se vio entusiasmado y entregado durante la sesi\u00f3n, fue el primero en salir de los vestuarios.<\/p>\n<p>Las risas y las bromas fueron la t\u00f3nica durante unos rondos en los que tambi\u00e9n se vio de especial buen humor a jugadores como Modric, Lucas V\u00e1zquez, Nacho, Isco o Toni Kroos.<\/p>\n","protected":false},"excerpt":{"rendered":"<p>Zidane confirm\u00f3 la baja del defensa central para la semifinal del Mundial de Clubes.<\/p>\n","protected":false},"author":20,"featured_media":448825,"comment_status":"closed","ping_status":"closed","sticky":false,"template":"","format":"standard","meta":[],"categories":[5,3839],"tags":[5988,6020],"_links":{"self":[{"href":"http:\/\/desarrollo.grupomedios.com\/futbol\/wp-json\/wp\/v2\/posts\/448824"}],"collection":[{"href":"http:\/\/desarrollo.grupomedios.com\/futbol\/wp-json\/wp\/v2\/posts"}],"about":[{"href":"http:\/\/desarrollo.grupomedios.com\/futbol\/wp-json\/wp\/v2\/types\/post"}],"author":[{"embeddable":true,"href":"http:\/\/desarrollo.grupomedios.com\/futbol\/wp-json\/wp\/v2\/users\/20"}],"replies":[{"embeddable":true,"href":"http:\/\/desarrollo.grupomedios.com\/futbol\/wp-json\/wp\/v2\/comments?post=448824"}],"version-history":[{"count":0,"href":"http:\/\/desarrollo.grupomedios.com\/futbol\/wp-json\/wp\/v2\/posts\/448824\/revisions"}],"wp:featuredmedia":[{"embeddable":true,"href":"http:\/\/desarrollo.grupomedios.com\/futbol\/wp-json\/wp\/v2\/media\/448825"}],"wp:attachment":[{"href":"http:\/\/desarrollo.grupomedios.com\/futbol\/wp-json\/wp\/v2\/media?parent=448824"}],"wp:term":[{"taxonomy":"category","embeddable":true,"href":"http:\/\/desarrollo.grupomedios.com\/futbol\/wp-json\/wp\/v2\/categories?post=448824"},{"taxonomy":"post_tag","embeddable":true,"href":"http:\/\/desarrollo.grupomedios.com\/futbol\/wp-json\/wp\/v2\/tags?post=448824"}],"curies":[{"name":"wp","href":"https:\/\/api.w.org\/{rel}","templated":true}]}}