{"id":448852,"date":"2016-12-14T09:44:56","date_gmt":"2016-12-14T15:44:56","guid":{"rendered":"https:\/\/www.futboltotal.com.mx\/?p=448852"},"modified":"2016-12-14T11:38:47","modified_gmt":"2016-12-14T17:38:47","slug":"xavi-hernandez-critico-triunfo-cristiano-en-balon-oro","status":"publish","type":"post","link":"http:\/\/desarrollo.grupomedios.com\/futbol\/futbol-internacional\/xavi-hernandez-critico-triunfo-cristiano-en-balon-oro\/2016\/12","title":{"rendered":"Xavi critic\u00f3 el triunfo de Cristiano en el Bal\u00f3n de Oro"},"content":{"rendered":"<p>La designaci\u00f3n de <strong>Cristiano Ronaldo<\/strong> como ganador del Bal\u00f3n de Oro no parece tener satisfecho a todo mundo, pese a los s\u00f3lidos argumentos que el portugu\u00e9s ten\u00eda a su favor.<\/p>\n<p>Apenas el lunes pasado, <strong>Cristiano<\/strong> fue anunciado como ganador de la edici\u00f3n 2016 del premio que ha vuelto a otorgar en solitario la revista France Football.<\/p>\n<p style=\"text-align: center;\"><a href=\"https:\/\/www.futboltotal.com.mx\/2016\/12\/oficial-cristiano-ronaldo-ganador-del-balon-oro-2016\/\" target=\"_blank\"><span style=\"color: #3366ff;\">LEER M\u00c1S: Oficial: Cristiano Ronaldo es el ganador del Bal\u00f3n de Oro 2016<\/span><\/a><\/p>\n<p>El triunfo del goleador del Real Madrid represent\u00f3 el cuarto Bal\u00f3n de Oro en su trayectoria, por lo que qued\u00f3 s\u00f3lo uno por detr\u00e1s de Lionel Messi.<\/p>\n<p>El atacante portugu\u00e9s era amplio favorito desde meses atr\u00e1s, gracias a los t\u00edtulos que consigui\u00f3: la Champions League con el Madrid y la Euro con Portugal. Conquistar esos trofeos lo coloc\u00f3 en la delantera por el premio.<\/p>\n<p style=\"text-align: center;\"><a href=\"https:\/\/www.futboltotal.com.mx\/2016\/12\/nike-lanza-mercurial-superfly-cr7-2016-cristiano\/\" target=\"_blank\"><span style=\"color: #3366ff;\">LEER M\u00c1S: Nike lanza Mercurial Superfly CR7 por el 2016 de Cristiano<\/span><\/a><\/p>\n<p>France Football confirm\u00f3 a <strong>Cristiano<\/strong> como ganador del <em>Ballon d\u2019Or<\/em> y ahora ha surgido una inconformidad. Xavi Hern\u00e1ndez, ex jugador del Barcelona, declar\u00f3 en una entrevista con TV3 en Qatar (donde juega) cuestion\u00f3 el triunfo de <em>CR7<\/em>.<\/p>\n<p>\u201cPriman los t\u00edtulos, mientras que hay otros a\u00f1os en los que no es as\u00ed, sino que valoran al mejor jugador del mundo\u201d, dijo el catal\u00e1n, y a\u00f1adi\u00f3: \u201cLeo Messi es el mejor de todos a pesar de los t\u00edtulos que haya podido ganar otro\u201d.<\/p>\n<p><a href=\"https:\/\/twitter.com\/MXFutbolTotal\" target=\"_blank\"><span style=\"color: #3366ff;\"><strong>S\u00edguenos en Twitter: @MXFutbolTotal<\/strong><\/span><\/a><\/p>\n","protected":false},"excerpt":{"rendered":"<p>El ex Cul\u00e9 no est\u00e1 de acuerdo con el triunfo de CR7.<\/p>\n","protected":false},"author":20,"featured_media":448809,"comment_status":"closed","ping_status":"closed","sticky":false,"template":"","format":"standard","meta":[],"categories":[3839,3844,5951],"tags":[222,5984,1496,6013,2048,5080,5988,1504,1726,6065],"_links":{"self":[{"href":"http:\/\/desarrollo.grupomedios.com\/futbol\/wp-json\/wp\/v2\/posts\/448852"}],"collection":[{"href":"http:\/\/desarrollo.grupomedios.com\/futbol\/wp-json\/wp\/v2\/posts"}],"about":[{"href":"http:\/\/desarrollo.grupomedios.com\/futbol\/wp-json\/wp\/v2\/types\/post"}],"author":[{"embeddable":true,"href":"http:\/\/desarrollo.grupomedios.com\/futbol\/wp-json\/wp\/v2\/users\/20"}],"replies":[{"embeddable":true,"href":"http:\/\/desarrollo.grupomedios.com\/futbol\/wp-json\/wp\/v2\/comments?post=448852"}],"version-history":[{"count":0,"href":"http:\/\/desarrollo.grupomedios.com\/futbol\/wp-json\/wp\/v2\/posts\/448852\/revisions"}],"wp:featuredmedia":[{"embeddable":true,"href":"http:\/\/desarrollo.grupomedios.com\/futbol\/wp-json\/wp\/v2\/media\/448809"}],"wp:attachment":[{"href":"http:\/\/desarrollo.grupomedios.com\/futbol\/wp-json\/wp\/v2\/media?parent=448852"}],"wp:term":[{"taxonomy":"category","embeddable":true,"href":"http:\/\/desarrollo.grupomedios.com\/futbol\/wp-json\/wp\/v2\/categories?post=448852"},{"taxonomy":"post_tag","embeddable":true,"href":"http:\/\/desarrollo.grupomedios.com\/futbol\/wp-json\/wp\/v2\/tags?post=448852"}],"curies":[{"name":"wp","href":"https:\/\/api.w.org\/{rel}","templated":true}]}}