{"id":448875,"date":"2016-12-14T10:46:08","date_gmt":"2016-12-14T16:46:08","guid":{"rendered":"https:\/\/www.futboltotal.com.mx\/?p=448875"},"modified":"2016-12-14T10:46:08","modified_gmt":"2016-12-14T16:46:08","slug":"real-madrid-quiere-mundial-clubes-tercer-titulo","status":"publish","type":"post","link":"http:\/\/desarrollo.grupomedios.com\/futbol\/futbol-internacional\/real-madrid-quiere-mundial-clubes-tercer-titulo\/2016\/12","title":{"rendered":"Real Madrid quiere el Mundial de Clubes como su tercer t\u00edtulo"},"content":{"rendered":"<p>Si alguien cre\u00eda que el <strong>Real Madrid<\/strong> no se toma en serio el Mundial de Clubes y que existe la posibilidad de que se relajen en su enfrentamiento con el Am\u00e9rica en la semifinal del torneo, tendr\u00e1 que reconsiderarlo.<\/p>\n<p>De acuerdo con Cristiano Ronaldo, ser\u00e1 todo lo contrario: los <em>Merengues<\/em> van a competir en el torneo organizado por la FIFA con toda la ambici\u00f3n y as\u00ed lo dej\u00f3 ver en declaraciones realizadas al sitio oficial del club.<\/p>\n<p style=\"text-align: center;\"><a href=\"https:\/\/www.futboltotal.com.mx\/2016\/12\/real-madrid-viajo-a-japon-enfrentar-al-america\/\" target=\"_blank\"><span style=\"color: #3366ff;\"><strong>LEER M\u00c1S: Real Madrid viaj\u00f3 a Jap\u00f3n para enfrentar al Am\u00e9rica<\/strong><\/span><\/a><\/p>\n<p>\u201cNo vamos a Jap\u00f3n de vacaciones, vamos para ganar el Mundial de Clubes\u201d, dijo <em>CR7<\/em>, quien explic\u00f3 la importancia del torneo para el cuadro <em>Blanco<\/em>: \u201cEs un trofeo que significa mucho, queremos esta competici\u00f3n para finalizar el a\u00f1o de la mejor manera\u201d.<\/p>\n<p>En Jap\u00f3n, el <strong>Real Madrid<\/strong> va por su tercer t\u00edtulo del a\u00f1o, pues ha conquistado ya la <em>Champions League<\/em> (frente al Atl\u00e9tico de Madrid) y luego la Super Copa de la UEFA (ante el Sevilla).<\/p>\n<p style=\"text-align: center;\"><a href=\"https:\/\/www.futboltotal.com.mx\/2016\/12\/real-madrid-prepara-duelo-vs-america-sin-sergio-ramos\/\" target=\"_blank\"><span style=\"color: #3366ff;\"><strong>LEER M\u00c1S: Real Madrid prepara duelo ante el Am\u00e9rica aun sin Sergio Ramos<\/strong><\/span><\/a><\/p>\n<p>\u201cLo que queremos es ganar el Mundial de Clubes y compartir un t\u00edtulo m\u00e1s con los <em>Madridistas<\/em>\u201d, sentenci\u00f3 Cristiano.<\/p>\n<p><a href=\"https:\/\/twitter.com\/MXFutbolTotal\" target=\"_blank\"><span style=\"color: #3366ff;\"><strong>S\u00edguenos en Twitter: @MXFutbolTotal<\/strong><\/span><\/a><\/p>\n","protected":false},"excerpt":{"rendered":"<p>Los Merengues buscan su tercer t\u00edtulo del a\u00f1o.<\/p>\n","protected":false},"author":20,"featured_media":443403,"comment_status":"closed","ping_status":"closed","sticky":false,"template":"","format":"standard","meta":[],"categories":[3839,3844,5951],"tags":[1496,6013,2048,415,5080,5988,1504],"_links":{"self":[{"href":"http:\/\/desarrollo.grupomedios.com\/futbol\/wp-json\/wp\/v2\/posts\/448875"}],"collection":[{"href":"http:\/\/desarrollo.grupomedios.com\/futbol\/wp-json\/wp\/v2\/posts"}],"about":[{"href":"http:\/\/desarrollo.grupomedios.com\/futbol\/wp-json\/wp\/v2\/types\/post"}],"author":[{"embeddable":true,"href":"http:\/\/desarrollo.grupomedios.com\/futbol\/wp-json\/wp\/v2\/users\/20"}],"replies":[{"embeddable":true,"href":"http:\/\/desarrollo.grupomedios.com\/futbol\/wp-json\/wp\/v2\/comments?post=448875"}],"version-history":[{"count":0,"href":"http:\/\/desarrollo.grupomedios.com\/futbol\/wp-json\/wp\/v2\/posts\/448875\/revisions"}],"wp:featuredmedia":[{"embeddable":true,"href":"http:\/\/desarrollo.grupomedios.com\/futbol\/wp-json\/wp\/v2\/media\/443403"}],"wp:attachment":[{"href":"http:\/\/desarrollo.grupomedios.com\/futbol\/wp-json\/wp\/v2\/media?parent=448875"}],"wp:term":[{"taxonomy":"category","embeddable":true,"href":"http:\/\/desarrollo.grupomedios.com\/futbol\/wp-json\/wp\/v2\/categories?post=448875"},{"taxonomy":"post_tag","embeddable":true,"href":"http:\/\/desarrollo.grupomedios.com\/futbol\/wp-json\/wp\/v2\/tags?post=448875"}],"curies":[{"name":"wp","href":"https:\/\/api.w.org\/{rel}","templated":true}]}}