{"id":448898,"date":"2016-12-14T12:03:26","date_gmt":"2016-12-14T18:03:26","guid":{"rendered":"https:\/\/www.futboltotal.com.mx\/?p=448898"},"modified":"2016-12-14T12:03:53","modified_gmt":"2016-12-14T18:03:53","slug":"milik-ilusionado-volver-enfrentar-al-real-madrid-en-champions","status":"publish","type":"post","link":"http:\/\/desarrollo.grupomedios.com\/futbol\/futbol-internacional\/milik-ilusionado-volver-enfrentar-al-real-madrid-en-champions\/2016\/12","title":{"rendered":"Milik, ilusionado con volver para enfrentar al Madrid"},"content":{"rendered":"<p>El delantero polaco del N\u00e1poles Arkadiusz Milik, que en octubre se rompi\u00f3 el ligamento cruzado de la rodilla izquierda, afirm\u00f3 hoy que espera volver al terreno de juego en enero o febrero, y reconoci\u00f3 que el duelo contra el <strong>Real Madrid<\/strong> en los <a href=\"https:\/\/www.futboltotal.com.mx\/2016\/12\/definidos-octavos-final-champions-league\/\" target=\"_blank\">octavos de final de la Champions League 2016<\/a> es una motivaci\u00f3n.<\/p>\n<blockquote><p>&#8220;Me siento muy bien, es la primera vez que sufro un infortunio como este y estoy trabajando duro. Estoy todav\u00eda m\u00e1s motivado, como es obvio, por el hecho de poder jugar un partido como el que disputaremos contra el<strong> Real Madrid<\/strong>&#8220;, reconoci\u00f3 hoy durante la presentaci\u00f3n del calendario del N\u00e1poles, informaron los medios.<\/p><\/blockquote>\n<p>Preguntado sobre las opciones de su equipo de eliminar al conjunto madridista, Milik consider\u00f3 que &#8220;todo es posible&#8221;, aunque admiti\u00f3 que por el momento solo piensa en incorporarse con la mayor brevedad posible.<\/p>\n<p style=\"text-align: center;\"><span style=\"color: #3366ff;\"><a style=\"color: #3366ff;\" href=\"https:\/\/www.futboltotal.com.mx\/2016\/12\/real-madrid-quiere-mundial-clubes-tercer-titulo\/\">LEER M\u00c1S: Real Madrid quiere el Mundial de Clubes como su tercer t\u00edtulo<\/a><\/span><\/p>\n<p>&#8220;Por ahora espero solo incorporarme lo antes posible. Sinceramente, no s\u00e9 todav\u00eda cu\u00e1ndo estar\u00e9 preparado (&#8230;) Digamos que estar\u00e9 a disposici\u00f3n del entrenador entre enero y febrero&#8221;, confes\u00f3.<\/p>\n<p>Milik tambi\u00e9n se refiri\u00f3 al centrocampista belga Dries Mertens que por ahora est\u00e1 sustituy\u00e9ndolo en el cuadro napolitano.<\/p>\n<p>&#8220;Lo est\u00e1 haciendo muy bien, soy amigo de Dries y me gusta verlo jugar en la posici\u00f3n de delantero centro. Pero cuando vuelva, espero que se coloque de nuevo a la izquierda&#8221;, admiti\u00f3. EFE<\/p>\n","protected":false},"excerpt":{"rendered":"<p>Milik se rompi\u00f3 el ligamento y espera regresar ante los Merengues.<\/p>\n","protected":false},"author":144,"featured_media":448901,"comment_status":"closed","ping_status":"closed","sticky":false,"template":"","format":"standard","meta":[],"categories":[3839,5951],"tags":[36,160,5988],"_links":{"self":[{"href":"http:\/\/desarrollo.grupomedios.com\/futbol\/wp-json\/wp\/v2\/posts\/448898"}],"collection":[{"href":"http:\/\/desarrollo.grupomedios.com\/futbol\/wp-json\/wp\/v2\/posts"}],"about":[{"href":"http:\/\/desarrollo.grupomedios.com\/futbol\/wp-json\/wp\/v2\/types\/post"}],"author":[{"embeddable":true,"href":"http:\/\/desarrollo.grupomedios.com\/futbol\/wp-json\/wp\/v2\/users\/144"}],"replies":[{"embeddable":true,"href":"http:\/\/desarrollo.grupomedios.com\/futbol\/wp-json\/wp\/v2\/comments?post=448898"}],"version-history":[{"count":0,"href":"http:\/\/desarrollo.grupomedios.com\/futbol\/wp-json\/wp\/v2\/posts\/448898\/revisions"}],"wp:featuredmedia":[{"embeddable":true,"href":"http:\/\/desarrollo.grupomedios.com\/futbol\/wp-json\/wp\/v2\/media\/448901"}],"wp:attachment":[{"href":"http:\/\/desarrollo.grupomedios.com\/futbol\/wp-json\/wp\/v2\/media?parent=448898"}],"wp:term":[{"taxonomy":"category","embeddable":true,"href":"http:\/\/desarrollo.grupomedios.com\/futbol\/wp-json\/wp\/v2\/categories?post=448898"},{"taxonomy":"post_tag","embeddable":true,"href":"http:\/\/desarrollo.grupomedios.com\/futbol\/wp-json\/wp\/v2\/tags?post=448898"}],"curies":[{"name":"wp","href":"https:\/\/api.w.org\/{rel}","templated":true}]}}