{"id":448899,"date":"2016-12-14T12:40:34","date_gmt":"2016-12-14T18:40:34","guid":{"rendered":"https:\/\/www.futboltotal.com.mx\/?p=448899"},"modified":"2016-12-14T12:43:27","modified_gmt":"2016-12-14T18:43:27","slug":"javier-aguirre-asegura-america-dara-mucha-guerra-al-madrid","status":"publish","type":"post","link":"http:\/\/desarrollo.grupomedios.com\/futbol\/futbol-internacional\/javier-aguirre-asegura-america-dara-mucha-guerra-al-madrid\/2016\/12","title":{"rendered":"Aguirre asegura que el Am\u00e9rica le dar\u00e1 guerra al Madrid"},"content":{"rendered":"<p>El director t\u00e9cnico mexicano <strong>Javier Aguirre<\/strong> asegur\u00f3 que el club Am\u00e9rica le dar\u00e1 guerra al Real Madrid en el partido correspondiente a la semifinal del Mundial de Clubes, a disputarse este jueves, en el estadio internacional de Yokohama, en Jap\u00f3n.<\/p>\n<p>En entrevista con el diario espa\u00f1ol <em>AS<\/em>, el <em>Vasco<\/em> asegur\u00f3 que las <em>\u00c1guilas<\/em> llegaron al Mundial japon\u00e9s &#8220;en muy buen momento; fuerte y motivado&#8221;, luego del arribo de Ricardo La Volpe a su banquillo con quien, destac\u00f3, &#8220;llegaron a la final del campeonato (mexicano)&#8221;, por lo cual asegur\u00f3 que Am\u00e9rica &#8220;Va a dar guerra&#8221; en la semifinal ante el Real Madrid.<\/p>\n<p style=\"text-align: center;\"><a href=\"https:\/\/www.futboltotal.com.mx\/2016\/12\/real-madrid-quiere-mundial-clubes-tercer-titulo\/\"><span style=\"color: #3366ff;\">LEER M\u00c1S: Real Madrid quiere el Mundial de Clubes como su tercer t\u00edtulo<\/span><\/a><\/p>\n<p>En su an\u00e1lisis, <strong>Javier Aguirre<\/strong> calific\u00f3 de importante el ataque del conjunto americanista y destac\u00f3 en especial al delantero mexicano Oribe Peralta: &#8220;fue medalla de oro en los Juegos de Brasil&#8221;.<\/p>\n<p>En cuanto a Ricardo La Volpe, el estratega de las \u00c1guilas, Aguirre Onaind\u00eda precis\u00f3 que es de la escuela de C\u00e9sar Luis Menotti, t\u00e9cnico campe\u00f3n del mundo en el Mundial de 1978: &#8220;Le gusta ese futbol (de Menotti) de sacar la pelota desde atr\u00e1s, de ocupar bien los espacios. No salir a defenderse y guardar el resultado&#8221;. El <em>Vasco<\/em> subray\u00f3 la experiencia de La Volpe y el buen juego que practican sus equipos: &#8220;Como en todo en la vida, hay que buscar el equilibrio. A veces se le critic\u00f3 que era demasiado ofensivo. Pero la realidad es que desde que cogi\u00f3 al Am\u00e9rica no ha perdido&#8221;.<\/p>\n<p>En la entrevista, <strong>Javier Aguirre<\/strong> toc\u00f3 varios temas como el su experiencia en Abu Dhabi, emirato en el cual en la actualidad dirige al Al-Wahda FC: &#8220;Algo nuevo en mi vida a nivel personal y profesional. No tiene nada que ver con el futbol espa\u00f1ol. Es una Liga joven y tiene mucho margen de mejora&#8221;.<\/p>\n<p style=\"text-align: center;\"><a href=\"https:\/\/www.futboltotal.com.mx\/2016\/12\/america-quiere-sorprender-al-real-madrid\/\"><span style=\"color: #3366ff;\">LEER M\u00c1S: La Volpe buscar\u00e1 sorprender al Real Madrid<\/span><\/a><\/p>\n<p>En otro punto de la entrevista, el <em>Vasco<\/em> precis\u00f3 que el esc\u00e1ndalo de ama\u00f1o del partido entre Zaragoza-Levante de 2011 \u2013en el cual \u00e9l era el t\u00e9cnico de los <em>Ma\u00f1os\u2013<\/em> propici\u00f3 su salida del banquillo de la selecci\u00f3n de Jap\u00f3n: &#8220;Daba la sensaci\u00f3n de que no quer\u00edan (los federativos japoneses) que yo tuviera otras distracciones que la selecci\u00f3n. No quer\u00edan viajes a Espa\u00f1a permanentes, ni distracciones; algo que no ha sucedido. Pero la decisi\u00f3n era leg\u00edtima. Y vine a Emiratos teniendo ofertas de Espa\u00f1a, Turqu\u00eda, Grecia o China&#8221;.<\/p>\n<p>Finalmente, el exseleccionador mexicano en los Mundiales de 2002 y 2010, se\u00f1al\u00f3 que s\u00ed echa un poco de menos las grandes competencias en el futbol: &#8220;Estos dos a\u00f1os me han servido para reposar, estar tranquilo, pero extra\u00f1o aquello&#8221;. Y asegur\u00f3: &#8220;Me atrae buscar otros horizontes. Termino en junio esperemos a ver qu\u00e9 sale&#8221;.<\/p>\n<p><b>S\u00edguenos en <span id=\"m_1350600864306713067goog_2054972132\"><\/span>Twitter <a href=\"https:\/\/twitter.com\/MXFutbolTotal\" target=\"_blank\" data-saferedirecturl=\"https:\/\/www.google.com\/url?hl=es&amp;q=https:\/\/twitter.com\/MXFutbolTotal&amp;source=gmail&amp;ust=1481814753578000&amp;usg=AFQjCNHJ0trYNYo-AUQ85bHq5nrpNSfifw\">@MXFutbolTotal<\/a><\/b><\/p>\n<p>&nbsp;<\/p>\n","protected":false},"excerpt":{"rendered":"<p>El Vasco destac\u00f3 el buen juego que ofrece Ricardo La Volpe y al delantero Oribe Peralta.<\/p>\n","protected":false},"author":20,"featured_media":446224,"comment_status":"closed","ping_status":"closed","sticky":false,"template":"","format":"standard","meta":[],"categories":[3839],"tags":[5959,126,415,5988],"_links":{"self":[{"href":"http:\/\/desarrollo.grupomedios.com\/futbol\/wp-json\/wp\/v2\/posts\/448899"}],"collection":[{"href":"http:\/\/desarrollo.grupomedios.com\/futbol\/wp-json\/wp\/v2\/posts"}],"about":[{"href":"http:\/\/desarrollo.grupomedios.com\/futbol\/wp-json\/wp\/v2\/types\/post"}],"author":[{"embeddable":true,"href":"http:\/\/desarrollo.grupomedios.com\/futbol\/wp-json\/wp\/v2\/users\/20"}],"replies":[{"embeddable":true,"href":"http:\/\/desarrollo.grupomedios.com\/futbol\/wp-json\/wp\/v2\/comments?post=448899"}],"version-history":[{"count":0,"href":"http:\/\/desarrollo.grupomedios.com\/futbol\/wp-json\/wp\/v2\/posts\/448899\/revisions"}],"wp:featuredmedia":[{"embeddable":true,"href":"http:\/\/desarrollo.grupomedios.com\/futbol\/wp-json\/wp\/v2\/media\/446224"}],"wp:attachment":[{"href":"http:\/\/desarrollo.grupomedios.com\/futbol\/wp-json\/wp\/v2\/media?parent=448899"}],"wp:term":[{"taxonomy":"category","embeddable":true,"href":"http:\/\/desarrollo.grupomedios.com\/futbol\/wp-json\/wp\/v2\/categories?post=448899"},{"taxonomy":"post_tag","embeddable":true,"href":"http:\/\/desarrollo.grupomedios.com\/futbol\/wp-json\/wp\/v2\/tags?post=448899"}],"curies":[{"name":"wp","href":"https:\/\/api.w.org\/{rel}","templated":true}]}}