{"id":448932,"date":"2016-12-14T13:29:42","date_gmt":"2016-12-14T19:29:42","guid":{"rendered":"https:\/\/www.futboltotal.com.mx\/?p=448932"},"modified":"2016-12-14T13:29:42","modified_gmt":"2016-12-14T19:29:42","slug":"rabello-llego-a-mexico-incorporarse-a-pumas","status":"publish","type":"post","link":"http:\/\/desarrollo.grupomedios.com\/futbol\/futbol-mexicano\/rabello-llego-a-mexico-incorporarse-a-pumas\/2016\/12","title":{"rendered":"Rabello lleg\u00f3 a M\u00e9xico para incorporarse a Pumas"},"content":{"rendered":"<p>El mediocampista chile<strong>no Bryan Rabello<\/strong> aclar\u00f3 que los Pumas de la UNAM fueron el primer equipo interesado en sus servicios, por lo que descart\u00f3 la propuesta de Veracruz para jugar en M\u00e9xico de cara al Clausura 2017.<\/p>\n<p>Este mi\u00e9rcoles, el exjugador de Santos Laguna lleg\u00f3 a la Ciudad de M\u00e9xico para incorporarse con el cuadro <em>universitario<\/em>, el andino afirm\u00f3 que tambi\u00e9n se decant\u00f3 por Universidad Nacional por tratarse de un club grande del futbol mexicano.<\/p>\n<p style=\"text-align: center;\"><a href=\"https:\/\/www.futboltotal.com.mx\/2016\/12\/futbol-estufa-rumbo-clausura-2017-liga-mx\/https:\/\/www.futboltotal.com.mx\/2016\/12\/en-vivo-draft-liga-mx-futbol-estufa\/\"><span style=\"color: #3366ff;\">LEER M\u00c1S: EN VIVO | Draft \u00a0Liga MX | Clausura 2017<\/span><\/a><\/p>\n<blockquote><p>&#8220;Hablamos con Veracruz, pero Pumas fue el primer interesado, vimos varios clubes, sin embargo Pumas me gust\u00f3 por ser un equipo grande&#8221;, manifest\u00f3 Rabello.<\/p><\/blockquote>\n<p>Despu\u00e9s de tras torneos en la Liga MX, <strong>Rabello<\/strong> asegur\u00f3 que le ilusiona este nuevo paso en su trayectoria y se\u00f1al\u00f3 que espera trascender con Pumas, su segunda escuadra en el balompi\u00e9 mexicano.<\/p>\n<p>Este viernes, el conjunto universitario reportar\u00e1 para comenzar la preparaci\u00f3n del Clausura 2017, en lo que ser\u00e1 el segundo certamen como entrenador para Juan Francisco Palencia, quien tratar\u00e1 de superar la ronda de cuartos de final lograda en el Apertura 2016.<\/p>\n<p>Adem\u00e1s de Rabello, <strong>Pumas<\/strong> por ahora tiene confirmada las llegadas de Nicol\u00e1s Castillo y ha descartado a Eduardo Herrera, Marcelo Alatorre y Sa\u00fal Berj\u00f3n.<\/p>\n","protected":false},"excerpt":{"rendered":"<p>El chileno revel\u00f3 que Veracruz lo busc\u00f3, pero eligi\u00f3 a los universitarios por ser un equipo grande.<\/p>\n","protected":false},"author":20,"featured_media":448937,"comment_status":"closed","ping_status":"closed","sticky":false,"template":"","format":"standard","meta":[],"categories":[2198,3845],"tags":[7680,74],"_links":{"self":[{"href":"http:\/\/desarrollo.grupomedios.com\/futbol\/wp-json\/wp\/v2\/posts\/448932"}],"collection":[{"href":"http:\/\/desarrollo.grupomedios.com\/futbol\/wp-json\/wp\/v2\/posts"}],"about":[{"href":"http:\/\/desarrollo.grupomedios.com\/futbol\/wp-json\/wp\/v2\/types\/post"}],"author":[{"embeddable":true,"href":"http:\/\/desarrollo.grupomedios.com\/futbol\/wp-json\/wp\/v2\/users\/20"}],"replies":[{"embeddable":true,"href":"http:\/\/desarrollo.grupomedios.com\/futbol\/wp-json\/wp\/v2\/comments?post=448932"}],"version-history":[{"count":0,"href":"http:\/\/desarrollo.grupomedios.com\/futbol\/wp-json\/wp\/v2\/posts\/448932\/revisions"}],"wp:featuredmedia":[{"embeddable":true,"href":"http:\/\/desarrollo.grupomedios.com\/futbol\/wp-json\/wp\/v2\/media\/448937"}],"wp:attachment":[{"href":"http:\/\/desarrollo.grupomedios.com\/futbol\/wp-json\/wp\/v2\/media?parent=448932"}],"wp:term":[{"taxonomy":"category","embeddable":true,"href":"http:\/\/desarrollo.grupomedios.com\/futbol\/wp-json\/wp\/v2\/categories?post=448932"},{"taxonomy":"post_tag","embeddable":true,"href":"http:\/\/desarrollo.grupomedios.com\/futbol\/wp-json\/wp\/v2\/tags?post=448932"}],"curies":[{"name":"wp","href":"https:\/\/api.w.org\/{rel}","templated":true}]}}