{"id":448981,"date":"2016-12-14T19:00:23","date_gmt":"2016-12-15T01:00:23","guid":{"rendered":"https:\/\/www.futboltotal.com.mx\/?p=448981"},"modified":"2016-12-15T08:30:43","modified_gmt":"2016-12-15T14:30:43","slug":"las-wags-del-madrid-rival-del-america","status":"publish","type":"post","link":"http:\/\/desarrollo.grupomedios.com\/futbol\/galerias\/las-wags-del-madrid-rival-del-america\/2016\/12","title":{"rendered":"Las Wags del Madrid, el otro rival del Am\u00e9rica"},"content":{"rendered":"<p><strong>Am\u00e9rica<\/strong> tendr\u00e1 un duro encuentro este jueves cuando se mida al <strong>Real Madrid<\/strong> en la semifinal del <strong>Mundial de Clubes,<\/strong> las \u00c1guilas buscan hacer historia y ser el primer mexicano que dispute una final de dicho torneo.<\/p>\n<p>El conjunto Azulcrema tambi\u00e9n tendr\u00e1 un complicado enfrentamiento con la distracci\u00f3n que pueden provocar las bellas esposas y novias de los futbolistas Merengues, pues sin duda, son de llamar la atenci\u00f3n de cualquier persona.<\/p>\n<p style=\"text-align: center;\"><span style=\"color: #3366ff;\"><a style=\"color: #3366ff;\" href=\"https:\/\/www.futboltotal.com.mx\/2016\/12\/america-ahora-ya-lo-conocemos-bien-zidane\/\" target=\"_blank\">LEER M\u00c1S: \u201c\u00bfAm\u00e9rica? Ahora ya lo conocemos bien\u201d: Zidane<\/a><\/span><\/p>\n<p>Es por eso que hemos decidido consentir a nuestros cracks y mostrarles las bellezas del mundial de Clubes.<\/p>\n<p><script type=\"text\/javascript\" src=\"\/\/cdn.playbuzz.com\/widget\/feed.js\"><\/script><\/p>\n<div class=\"pb_feed\" data-embed-by=\"d43f3879-83ed-40bc-99d7-fde80605466f\" data-game=\"\/futboltotal\/las-wags-del-madrid-el-otro-rival-del-am-rica\" data-recommend=\"false\" data-game-info=\"false\" data-comments=\"false\"><\/div>\n","protected":false},"excerpt":{"rendered":"<p>Te presentamos a las belleza del Mundial de Clubes. <\/p>\n","protected":false},"author":20,"featured_media":448985,"comment_status":"closed","ping_status":"closed","sticky":false,"template":"","format":"standard","meta":[],"categories":[5419,6408,3],"tags":[5959,2033,5988],"_links":{"self":[{"href":"http:\/\/desarrollo.grupomedios.com\/futbol\/wp-json\/wp\/v2\/posts\/448981"}],"collection":[{"href":"http:\/\/desarrollo.grupomedios.com\/futbol\/wp-json\/wp\/v2\/posts"}],"about":[{"href":"http:\/\/desarrollo.grupomedios.com\/futbol\/wp-json\/wp\/v2\/types\/post"}],"author":[{"embeddable":true,"href":"http:\/\/desarrollo.grupomedios.com\/futbol\/wp-json\/wp\/v2\/users\/20"}],"replies":[{"embeddable":true,"href":"http:\/\/desarrollo.grupomedios.com\/futbol\/wp-json\/wp\/v2\/comments?post=448981"}],"version-history":[{"count":0,"href":"http:\/\/desarrollo.grupomedios.com\/futbol\/wp-json\/wp\/v2\/posts\/448981\/revisions"}],"wp:featuredmedia":[{"embeddable":true,"href":"http:\/\/desarrollo.grupomedios.com\/futbol\/wp-json\/wp\/v2\/media\/448985"}],"wp:attachment":[{"href":"http:\/\/desarrollo.grupomedios.com\/futbol\/wp-json\/wp\/v2\/media?parent=448981"}],"wp:term":[{"taxonomy":"category","embeddable":true,"href":"http:\/\/desarrollo.grupomedios.com\/futbol\/wp-json\/wp\/v2\/categories?post=448981"},{"taxonomy":"post_tag","embeddable":true,"href":"http:\/\/desarrollo.grupomedios.com\/futbol\/wp-json\/wp\/v2\/tags?post=448981"}],"curies":[{"name":"wp","href":"https:\/\/api.w.org\/{rel}","templated":true}]}}