{"id":449042,"date":"2016-12-14T16:39:27","date_gmt":"2016-12-14T22:39:27","guid":{"rendered":"https:\/\/www.futboltotal.com.mx\/?p=449042"},"modified":"2016-12-14T17:40:02","modified_gmt":"2016-12-14T23:40:02","slug":"tono-rodriguez-sale-guadalajara","status":"publish","type":"post","link":"http:\/\/desarrollo.grupomedios.com\/futbol\/destacado-home\/tono-rodriguez-sale-guadalajara\/2016\/12","title":{"rendered":"To\u00f1o Rodr\u00edguez sale de Guadalajara"},"content":{"rendered":"<p><strong>Chivas<\/strong> ha confirmado la salida de <strong>Antonio Rodr\u00edguez<\/strong> del <em>Reba\u00f1o.<\/em> El portero se va cedido a <strong>Le\u00f3n<\/strong> en donde buscar\u00e1 competir por un puesto como titular junto a <strong>William Yarbrough.<\/strong><\/p>\n<p>To\u00f1o, no puedo consolidarse con <strong>Chivas<\/strong> luego de que pintara para ser el arquero que defendiera semana a semana los colores del <strong>Guadalajara<\/strong>, sin embargo la llegada de <strong>Rodolfo Cota<\/strong> no le vino bien, pues <strong>Mat\u00edas Almeyda<\/strong> lo mand\u00f3 a la banca para darle paso al portero que llegaba de <strong>Pachuca.<\/strong><\/p>\n<p style=\"text-align: center;\"><span style=\"color: #3366ff;\"><a style=\"color: #3366ff;\" href=\"https:\/\/www.futboltotal.com.mx\/2016\/12\/herrera-alatorre-refuerzos-del-veracruz\/\" target=\"_blank\">LEER M\u00c1S: Herrera y Alatorre refuerzan al Veracruz<\/a><\/span><\/p>\n<p>El portero de 24 a\u00f1os debut\u00f3 con Chivas en el 2011 y es ganador del Oro Ol\u00edmpico del 2012 en donde no tuvo minutos. Rodr\u00edguez fue el cancerbero titular del Reba\u00f1o en la Copa MX, en donde llegaron a la Final que posteriormente perdieron ante <strong>Quer\u00e9taro<\/strong> en penales.<\/p>\n<p>Ahora To\u00f1o, tiene una nueva oportunidad con <strong>Le\u00f3n<\/strong> para conseguir hacerse de un puesto como el n\u00famero uno en la porter\u00eda de la <em>Fiera.<\/em><\/p>\n<blockquote class=\"twitter-tweet\" data-width=\"500\">\n<p lang=\"es\" dir=\"ltr\">OFICIAL: <a href=\"https:\/\/twitter.com\/TonoRodriguez1\">@TonoRodriguez1<\/a> pasa a Le\u00f3n en pr\u00e9stamo. \u00a1Suerte en este nuevo proyecto &#39;To\u00f1o&#39;! <a href=\"https:\/\/t.co\/KRqK09Vnk2\">pic.twitter.com\/KRqK09Vnk2<\/a><\/p>\n<p>&mdash; CHIVAS (@Chivas) <a href=\"https:\/\/twitter.com\/Chivas\/status\/809173638880563200\">December 14, 2016<\/a><\/p><\/blockquote>\n<p><script async src=\"\/\/platform.twitter.com\/widgets.js\" charset=\"utf-8\"><\/script><\/p>\n<p>S\u00edguenos en Twitter:<a href=\"https:\/\/twitter.com\/MXFutbolTotal\" target=\"_blank\"> @MXFutbolTotal<\/a><\/p>\n<p>&nbsp;<\/p>\n","protected":false},"excerpt":{"rendered":"<p>To\u00f1o deja de ser del Reba\u00f1o para convertirse en Fiera. <\/p>\n","protected":false},"author":20,"featured_media":449048,"comment_status":"closed","ping_status":"closed","sticky":false,"template":"","format":"standard","meta":[],"categories":[5,2198,3845],"tags":[3441,70,5963,5965],"_links":{"self":[{"href":"http:\/\/desarrollo.grupomedios.com\/futbol\/wp-json\/wp\/v2\/posts\/449042"}],"collection":[{"href":"http:\/\/desarrollo.grupomedios.com\/futbol\/wp-json\/wp\/v2\/posts"}],"about":[{"href":"http:\/\/desarrollo.grupomedios.com\/futbol\/wp-json\/wp\/v2\/types\/post"}],"author":[{"embeddable":true,"href":"http:\/\/desarrollo.grupomedios.com\/futbol\/wp-json\/wp\/v2\/users\/20"}],"replies":[{"embeddable":true,"href":"http:\/\/desarrollo.grupomedios.com\/futbol\/wp-json\/wp\/v2\/comments?post=449042"}],"version-history":[{"count":0,"href":"http:\/\/desarrollo.grupomedios.com\/futbol\/wp-json\/wp\/v2\/posts\/449042\/revisions"}],"wp:featuredmedia":[{"embeddable":true,"href":"http:\/\/desarrollo.grupomedios.com\/futbol\/wp-json\/wp\/v2\/media\/449048"}],"wp:attachment":[{"href":"http:\/\/desarrollo.grupomedios.com\/futbol\/wp-json\/wp\/v2\/media?parent=449042"}],"wp:term":[{"taxonomy":"category","embeddable":true,"href":"http:\/\/desarrollo.grupomedios.com\/futbol\/wp-json\/wp\/v2\/categories?post=449042"},{"taxonomy":"post_tag","embeddable":true,"href":"http:\/\/desarrollo.grupomedios.com\/futbol\/wp-json\/wp\/v2\/tags?post=449042"}],"curies":[{"name":"wp","href":"https:\/\/api.w.org\/{rel}","templated":true}]}}