{"id":449062,"date":"2016-12-14T21:23:00","date_gmt":"2016-12-15T03:23:00","guid":{"rendered":"https:\/\/www.futboltotal.com.mx\/?p=449062"},"modified":"2016-12-15T05:22:45","modified_gmt":"2016-12-15T11:22:45","slug":"benzema-vs-romero-duelo-goleadores","status":"publish","type":"post","link":"http:\/\/desarrollo.grupomedios.com\/futbol\/especial-ft\/benzema-vs-romero-duelo-goleadores\/2016\/12","title":{"rendered":"Benzema vs Romero | &#8216;Nueves&#8217; con dinamita"},"content":{"rendered":"<p><strong>Karim Benzema<\/strong> y<strong> Silvio Romero<\/strong> protagonizan uno de las batallas m\u00e1s esc\u00e9pticas en el Mundial de Clubes. Con 28 a\u00f1os y el mismo dorsal a cuestas se miden cara a cara en el estadio Internacional de Yokohama para intentar marcar diferencia y encontrar el gol que catapulte al Am\u00e9rica o al Real Madrid a la gran final.<\/p>\n<p>El franc\u00e9s, al que las lesiones le han impedido tomar ritmo esta campa\u00f1a, no llega totalmente enchufado. Solo ha marcado ocho goles y no ha sido capaz de hilvanar un par de partidos anotando. Sin embargo su calidad es innegable y le basta un suspiro para dinamitar el marco.<\/p>\n<p style=\"text-align: center;\"><a href=\"https:\/\/www.futboltotal.com.mx\/2016\/12\/en-vivo-america-vs-real-madrid-mundial-clubes\/\"><span style=\"color: #3366ff;\">LEER M\u00c1S: EN VIVO | Am\u00e9rica vs Real Madrid<\/span><\/a><\/p>\n<p style=\"text-align: center;\"><a href=\"https:\/\/www.futboltotal.com.mx\/wp-content\/uploads\/2016\/12\/Karim.jpg\"><img decoding=\"async\" loading=\"lazy\" class=\"alignnone size-full wp-image-449160\" src=\"https:\/\/www.futboltotal.com.mx\/wp-content\/uploads\/2016\/12\/Karim.jpg\" alt=\"karim\" srcset=\"http:\/\/desarrollo.grupomedios.com\/futbol\/wp-content\/uploads\/2016\/12\/Karim.jpg 858w, http:\/\/desarrollo.grupomedios.com\/futbol\/wp-content\/uploads\/2016\/12\/Karim-233x300.jpg 233w, http:\/\/desarrollo.grupomedios.com\/futbol\/wp-content\/uploads\/2016\/12\/Karim-768x989.jpg 768w, http:\/\/desarrollo.grupomedios.com\/futbol\/wp-content\/uploads\/2016\/12\/Karim-795x1024.jpg 795w\" sizes=\"(max-width: 858px) 100vw, 858px\" \/><\/a><\/p>\n<p>Ma\u00f1ana regresa al torneo intercontinental para medirse por segunda vez a un club mexicano, en el que hace dos a\u00f1os se estren\u00f3 en la misma instancia y anot\u00f3 un gol que ayud\u00f3 al Real Madrid a golear 4-0 al Cruz Azul y convertirse en finalista.<\/p>\n<p>En cambio, Silvio Romero, ha conseguido sus mejores cifras este semestre desde que lleg\u00f3 a la Liga MX en 2015. Es el mejor goleador del club al acumular 14 tantos en todas las competiciones disputadas e incluso se ha dado el lujo de marcar cuatro dobletes.<\/p>\n<p>La \u00faltima vez que ambos jugaron un partido firmaron un doblete. El gol no les falta y en unas horas tendr\u00e1n una oportunidad \u00fanica para dibujarlos.<\/p>\n<p style=\"text-align: center;\">\n","protected":false},"excerpt":{"rendered":"<p>Los delanteros del Am\u00e9rica y Real Madrid llegan con registros similares a la semifinal.<\/p>\n","protected":false},"author":20,"featured_media":449117,"comment_status":"closed","ping_status":"closed","sticky":false,"template":"","format":"standard","meta":[],"categories":[7570],"tags":[6042,5988,6803],"_links":{"self":[{"href":"http:\/\/desarrollo.grupomedios.com\/futbol\/wp-json\/wp\/v2\/posts\/449062"}],"collection":[{"href":"http:\/\/desarrollo.grupomedios.com\/futbol\/wp-json\/wp\/v2\/posts"}],"about":[{"href":"http:\/\/desarrollo.grupomedios.com\/futbol\/wp-json\/wp\/v2\/types\/post"}],"author":[{"embeddable":true,"href":"http:\/\/desarrollo.grupomedios.com\/futbol\/wp-json\/wp\/v2\/users\/20"}],"replies":[{"embeddable":true,"href":"http:\/\/desarrollo.grupomedios.com\/futbol\/wp-json\/wp\/v2\/comments?post=449062"}],"version-history":[{"count":0,"href":"http:\/\/desarrollo.grupomedios.com\/futbol\/wp-json\/wp\/v2\/posts\/449062\/revisions"}],"wp:featuredmedia":[{"embeddable":true,"href":"http:\/\/desarrollo.grupomedios.com\/futbol\/wp-json\/wp\/v2\/media\/449117"}],"wp:attachment":[{"href":"http:\/\/desarrollo.grupomedios.com\/futbol\/wp-json\/wp\/v2\/media?parent=449062"}],"wp:term":[{"taxonomy":"category","embeddable":true,"href":"http:\/\/desarrollo.grupomedios.com\/futbol\/wp-json\/wp\/v2\/categories?post=449062"},{"taxonomy":"post_tag","embeddable":true,"href":"http:\/\/desarrollo.grupomedios.com\/futbol\/wp-json\/wp\/v2\/tags?post=449062"}],"curies":[{"name":"wp","href":"https:\/\/api.w.org\/{rel}","templated":true}]}}