{"id":449163,"date":"2016-12-15T05:36:33","date_gmt":"2016-12-15T11:36:33","guid":{"rendered":"https:\/\/www.futboltotal.com.mx\/?p=449163"},"modified":"2016-12-15T08:34:50","modified_gmt":"2016-12-15T14:34:50","slug":"benzema-repite-la-dosis-en-mundial-clubes","status":"publish","type":"post","link":"http:\/\/desarrollo.grupomedios.com\/futbol\/futbol-internacional\/benzema-repite-la-dosis-en-mundial-clubes\/2016\/12","title":{"rendered":"Benzema, &#8216;pesadilla&#8217; de clubes mexicanos"},"content":{"rendered":"<p>Dos a\u00f1os despu\u00e9s, \u00a0<strong>Karim Benzema<\/strong> apareci\u00f3 de nueva cuenta con el <strong>Real Madrid<\/strong> para marcar gol a un equipo mexicano en las semifinales del <strong>Mundial de Clubes<\/strong>. Esta vez el franc\u00e9s dej\u00f3 huella ante Am\u00e9rica con un espl\u00e9ndido remate de tres dedos que acab\u00f3 en el \u00e1ngulo.<\/p>\n<p><strong>Benzema<\/strong>, que hab\u00eda marcado un doblete en su partido (BVB Champions), meci\u00f3las redes cuando se hab\u00eda cumplido el tiempo agregado en el primer tiempo. Resolvi\u00f3 como <em>crack\u00a0<\/em>tras capitalizar una magistral asistencia de Toni Kroos precedida de dos toques de<em> CR7<\/em> y Modric.<\/p>\n<p style=\"text-align: center;\"><span style=\"color: #3366ff;\">LEER M\u00c1S: Todas las noticias de futbol internacional<\/span><\/p>\n<blockquote class=\"twitter-tweet\" data-lang=\"es\">\n<p dir=\"ltr\" lang=\"es\">Con este golazo de <a href=\"https:\/\/twitter.com\/Benzema\">@Benzema<\/a>, <a href=\"https:\/\/twitter.com\/realmadrid\">@realmadrid<\/a> vence 1-0 al <a href=\"https:\/\/twitter.com\/ClubAmerica\">@ClubAmerica<\/a> al medio tiempo. <a href=\"https:\/\/twitter.com\/hashtag\/%C3%81guilasEnJap%C3%B3n?src=hash\">#\u00c1guilasEnJap\u00f3n<\/a><br \/>\n&#x1f3a5; <a href=\"https:\/\/twitter.com\/beINSPORTS\">@beINSPORTS<\/a> <a href=\"https:\/\/t.co\/HEXr4FvR5q\">pic.twitter.com\/HEXr4FvR5q<\/a><\/p>\n<p>\u2014 Imagen Deportes (@ImagenTVDeporte) <a href=\"https:\/\/twitter.com\/ImagenTVDeporte\/status\/809360344623841280\">15 de diciembre de 2016<\/a><\/p><\/blockquote>\n<p><script async src=\"\/\/platform.twitter.com\/widgets.js\" charset=\"utf-8\"><\/script><br \/>\nEn 2014, <strong>Benzema<\/strong> disput\u00f3 su primer <strong>Mundial de Clubes<\/strong> y se present\u00f3 en las semifinales con el Real Madrid para enfrentar a Cruz Azul. En aquella ocasi\u00f3n marc\u00f3 el segundo tanto en una goleada 4-0 que signific\u00f3 la segunda peor derrota para un club mexicano en esta instancia -la primera fue (4-0) del Barcelona de Rijkaard ante Am\u00e9rica-.<br \/>\n<iframe loading=\"lazy\" src=\"https:\/\/www.youtube.com\/embed\/c51iXlZrES4\" frameborder=\"0\" allowfullscreen=\"allowfullscreen\"><\/iframe><\/p>\n","protected":false},"excerpt":{"rendered":"<p>El franc\u00e9s repite la dosis en semifinales del Mundial de Clubes.<\/p>\n","protected":false},"author":20,"featured_media":449164,"comment_status":"closed","ping_status":"closed","sticky":false,"template":"","format":"standard","meta":[],"categories":[3839],"tags":[6042,5988],"_links":{"self":[{"href":"http:\/\/desarrollo.grupomedios.com\/futbol\/wp-json\/wp\/v2\/posts\/449163"}],"collection":[{"href":"http:\/\/desarrollo.grupomedios.com\/futbol\/wp-json\/wp\/v2\/posts"}],"about":[{"href":"http:\/\/desarrollo.grupomedios.com\/futbol\/wp-json\/wp\/v2\/types\/post"}],"author":[{"embeddable":true,"href":"http:\/\/desarrollo.grupomedios.com\/futbol\/wp-json\/wp\/v2\/users\/20"}],"replies":[{"embeddable":true,"href":"http:\/\/desarrollo.grupomedios.com\/futbol\/wp-json\/wp\/v2\/comments?post=449163"}],"version-history":[{"count":0,"href":"http:\/\/desarrollo.grupomedios.com\/futbol\/wp-json\/wp\/v2\/posts\/449163\/revisions"}],"wp:featuredmedia":[{"embeddable":true,"href":"http:\/\/desarrollo.grupomedios.com\/futbol\/wp-json\/wp\/v2\/media\/449164"}],"wp:attachment":[{"href":"http:\/\/desarrollo.grupomedios.com\/futbol\/wp-json\/wp\/v2\/media?parent=449163"}],"wp:term":[{"taxonomy":"category","embeddable":true,"href":"http:\/\/desarrollo.grupomedios.com\/futbol\/wp-json\/wp\/v2\/categories?post=449163"},{"taxonomy":"post_tag","embeddable":true,"href":"http:\/\/desarrollo.grupomedios.com\/futbol\/wp-json\/wp\/v2\/tags?post=449163"}],"curies":[{"name":"wp","href":"https:\/\/api.w.org\/{rel}","templated":true}]}}