{"id":449238,"date":"2016-12-15T09:35:56","date_gmt":"2016-12-15T15:35:56","guid":{"rendered":"https:\/\/www.futboltotal.com.mx\/?p=449238"},"modified":"2016-12-15T09:36:46","modified_gmt":"2016-12-15T15:36:46","slug":"angel-reyna-finalmente-esta-vuelta-liga-mx","status":"publish","type":"post","link":"http:\/\/desarrollo.grupomedios.com\/futbol\/destacado-home\/angel-reyna-finalmente-esta-vuelta-liga-mx\/2016\/12","title":{"rendered":"\u00a1\u00c1ngel Reyna finalmente est\u00e1 de vuelta en la Liga MX!"},"content":{"rendered":"<p>Lo que hasta hace d\u00edas era un rumor que cobraba bastante fuerza ya es una realidad: <strong>\u00c1ngel Reyna<\/strong> est\u00e1 de vuelta en la <strong>Liga MX<\/strong> y lo hace con el \u00faltimo club en el que realmente mostr\u00f3 su talento: <strong>Veracruz<\/strong>.<\/p>\n<p>El mediocampista, quien el semestre pasado jug\u00f3 con <strong>Celaya<\/strong> en el <strong>Ascenso MX<\/strong> luego de su triste aventura con las <strong>Chivas<\/strong>, decidi\u00f3 &#8216;darle el s\u00ed&#8217; al conjunto jarocho dirigido por el chileno Carlos Reinoso, t\u00e9cnico que en diversas etapas ha sido fundamental en la carrera de \u00c1ngel.<\/p>\n<p>&nbsp;<\/p>\n<blockquote class=\"twitter-tweet\" data-lang=\"es\">\n<p dir=\"ltr\" lang=\"es\">\u00a1<a href=\"https:\/\/twitter.com\/hashtag\/%C3%81ngelEst%C3%A1DeVuelta?src=hash\">#\u00c1ngelEst\u00e1DeVuelta<\/a>! &#x1f44a;&#x1f3fc; <a href=\"https:\/\/twitter.com\/AngelReynaFut\">@AngelReynaFut<\/a> se une a nuestro equipo para el <a href=\"https:\/\/twitter.com\/hashtag\/C2017?src=hash\">#C2017<\/a> \u00a1\u00c9xito! <a href=\"https:\/\/twitter.com\/hashtag\/ElTibuNoSeVa?src=hash\">#ElTibuNoSeVa<\/a> &#x1f534;&#x1f535;\u26bd\ufe0f <a href=\"https:\/\/t.co\/DzNvmyegeV\">pic.twitter.com\/DzNvmyegeV<\/a><\/p>\n<p>\u2014 Tiburones Rojos (@ClubTiburones) <a href=\"https:\/\/twitter.com\/ClubTiburones\/status\/809411888169689088\">15 de diciembre de 2016<\/a><\/p><\/blockquote>\n<p><script async src=\"\/\/platform.twitter.com\/widgets.js\" charset=\"utf-8\"><\/script><\/p>\n<p>El apodado Pleititos ya ven\u00eda sonando como refuerzo de los Escualos desde semanas atr\u00e1s, pues tanto el due\u00f1o del club, Fidel Kuri, como Reinoso lo deseaban en el plantel que luchar\u00e1 por no descender.<\/p>\n<p><a href=\"https:\/\/www.futboltotal.com.mx\/2016\/12\/reyna-decidira-donde-jugar-proxima-temporada\/\">LEER M\u00c1S: REYNA DECIDIR\u00c1 DONDE JUGAR LA PR\u00d3XIMA SEMANA<\/a><\/p>\n<p>Sin embargo, luego de algunas pl\u00e1ticas que tanto el directivo como el estratega tuvieron personalmente con el futbolista, la decisi\u00f3n qued\u00f3 pendiente pues se rumor\u00f3 que Reyna esperaba <a href=\"https:\/\/www.futboltotal.com.mx\/2016\/12\/angel-reyna-da-largas-veracruz-culpa-viejo-amor-america\/\">el llamado de otro equipo, el Am\u00e9rica<\/a>.<\/p>\n<p><a href=\"https:\/\/www.futboltotal.com.mx\/2016\/11\/angel-reyna-vuelta-a-la-liga-mx\/\">LEER M\u00c1S: \u00c1NGEL REYNA, \u00bfDE VUELTA A LA LIGA MX?<\/a><\/p>\n","protected":false},"excerpt":{"rendered":"<p>El futbolista acept\u00f3 la invitaci\u00f3n del Veracruz para volver a Primera Divisi\u00f3n.<\/p>\n","protected":false},"author":20,"featured_media":416425,"comment_status":"closed","ping_status":"closed","sticky":false,"template":"","format":"standard","meta":[],"categories":[5,7740,2198,3845],"tags":[1659,64,7804,643,6049],"_links":{"self":[{"href":"http:\/\/desarrollo.grupomedios.com\/futbol\/wp-json\/wp\/v2\/posts\/449238"}],"collection":[{"href":"http:\/\/desarrollo.grupomedios.com\/futbol\/wp-json\/wp\/v2\/posts"}],"about":[{"href":"http:\/\/desarrollo.grupomedios.com\/futbol\/wp-json\/wp\/v2\/types\/post"}],"author":[{"embeddable":true,"href":"http:\/\/desarrollo.grupomedios.com\/futbol\/wp-json\/wp\/v2\/users\/20"}],"replies":[{"embeddable":true,"href":"http:\/\/desarrollo.grupomedios.com\/futbol\/wp-json\/wp\/v2\/comments?post=449238"}],"version-history":[{"count":0,"href":"http:\/\/desarrollo.grupomedios.com\/futbol\/wp-json\/wp\/v2\/posts\/449238\/revisions"}],"wp:featuredmedia":[{"embeddable":true,"href":"http:\/\/desarrollo.grupomedios.com\/futbol\/wp-json\/wp\/v2\/media\/416425"}],"wp:attachment":[{"href":"http:\/\/desarrollo.grupomedios.com\/futbol\/wp-json\/wp\/v2\/media?parent=449238"}],"wp:term":[{"taxonomy":"category","embeddable":true,"href":"http:\/\/desarrollo.grupomedios.com\/futbol\/wp-json\/wp\/v2\/categories?post=449238"},{"taxonomy":"post_tag","embeddable":true,"href":"http:\/\/desarrollo.grupomedios.com\/futbol\/wp-json\/wp\/v2\/tags?post=449238"}],"curies":[{"name":"wp","href":"https:\/\/api.w.org\/{rel}","templated":true}]}}